{"id":4888,"date":"2023-10-08T05:03:47","date_gmt":"2023-10-08T02:03:47","guid":{"rendered":"https:\/\/tuncayilcim.av.tr\/v5\/?p=4888"},"modified":"2023-10-16T16:32:38","modified_gmt":"2023-10-16T13:32:38","slug":"ceza-hukukuna-dava-ve-ceza-zamanasimi-sureleri-sartlari","status":"publish","type":"post","link":"https:\/\/tuncayilcim.av.tr\/v5\/ceza-hukukuna-dava-ve-ceza-zamanasimi-sureleri-sartlari\/","title":{"rendered":"CEZA HUKUKUNDA &#8221;DAVA&#8221; ve &#8221;CEZA ZAMANA\u015eIMI&#8221; S\u00dcRELER\u0130-KO\u015eULLARI"},"content":{"rendered":"<p style=\"text-align: justify;\"><div class=\"ead-preview\"><div class=\"ead-document\" style=\"position: relative;\"><div class=\"ead-iframe-wrapper\"><iframe src=\"\/\/docs.google.com\/viewer?url=https%3A%2F%2Ftuncayilcim.av.tr%2Fv5%2Fwp-content%2Fuploads%2FCEZA-HUKUKUNDA-ZAMANASIMI-5.pdf&amp;embedded=true&amp;hl=en\" title=\"Embedded Document\" class=\"ead-iframe\" style=\"width: 100%;height: 500px;border: none;visibility: hidden;\"><\/iframe><\/div>\t\t\t<div class=\"ead-document-loading\" style=\"width:100%;height:100%;position:absolute;left:0;top:0;z-index:10;\">\n\t\t\t\t<div class=\"ead-loading-wrap\">\n\t\t\t\t\t<div class=\"ead-loading-main\">\n\t\t\t\t\t\t<div class=\"ead-loading\">\n\t\t\t\t\t\t\t<img loading=\"lazy\" decoding=\"async\" src=\"https:\/\/tuncayilcim.av.tr\/v5\/wp-content\/plugins\/embed-any-document\/images\/loading.svg\" width=\"55\" height=\"55\" alt=\"Loader\">\n\t\t\t\t\t\t\t<span>Loading...<\/span>\n\t\t\t\t\t\t<\/div>\n\t\t\t\t\t<\/div>\n\t\t\t\t\t<div class=\"ead-loading-foot\">\n\t\t\t\t\t\t<div class=\"ead-loading-foot-title\">\n\t\t\t\t\t\t\t<img loading=\"lazy\" decoding=\"async\" src=\"https:\/\/tuncayilcim.av.tr\/v5\/wp-content\/plugins\/embed-any-document\/images\/EAD-logo.svg\" alt=\"EAD Logo\" width=\"36\" height=\"23\"\/>\n\t\t\t\t\t\t\t<span>Taking too long?<\/span>\n\t\t\t\t\t\t<\/div>\n\t\t\t\t\t\t<p>\n\t\t\t\t\t\t\t<div class=\"ead-document-btn ead-reload-btn\" role=\"button\">\n\t\t\t\t\t\t\t\t<img loading=\"lazy\" decoding=\"async\" src=\"https:\/\/tuncayilcim.av.tr\/v5\/wp-content\/plugins\/embed-any-document\/images\/reload.svg\" alt=\"Reload\" width=\"12\" height=\"12\"\/> Reload document\t\t\t\t\t\t\t<\/div>\n\t\t\t\t\t\t\t<span>|<\/span>\n\t\t\t\t\t\t\t<a href=\"https:\/\/tuncayilcim.av.tr\/v5\/wp-content\/uploads\/CEZA-HUKUKUNDA-ZAMANASIMI-5.pdf\" class=\"ead-document-btn\" target=\"_blank\">\n\t\t\t\t\t\t\t\t<img loading=\"lazy\" decoding=\"async\" src=\"https:\/\/tuncayilcim.av.tr\/v5\/wp-content\/plugins\/embed-any-document\/images\/open.svg\" alt=\"Open\" width=\"12\" height=\"12\"\/> Open in new tab\t\t\t\t\t\t\t<\/a>\n\t\t\t\t\t<\/div>\n\t\t\t\t<\/div>\n\t\t\t<\/div>\n\t\t<\/div><p class=\"embed_download\"><a href=\"https:\/\/tuncayilcim.av.tr\/v5\/wp-content\/uploads\/CEZA-HUKUKUNDA-ZAMANASIMI-5.pdf\" download>Download <\/a><\/p><\/div><\/p>\n<p style=\"text-align: center;\"><span style=\"color: #ff0000;\"><strong>YARGITAY \u0130\u00c7T\u0130HATLARI :<\/strong><\/span><\/p>\n<div class=\"ead-preview\"><div class=\"ead-document\" style=\"position: relative;\"><div class=\"ead-iframe-wrapper\"><iframe src=\"\/\/docs.google.com\/viewer?url=https%3A%2F%2Ftuncayilcim.av.tr%2Fv5%2Fwp-content%2Fuploads%2Filovepdf_merged-2.pdf&amp;embedded=true&amp;hl=en\" title=\"Embedded Document\" class=\"ead-iframe\" style=\"width: 100%;height: 500px;border: none;visibility: hidden;\"><\/iframe><\/div>\t\t\t<div class=\"ead-document-loading\" style=\"width:100%;height:100%;position:absolute;left:0;top:0;z-index:10;\">\n\t\t\t\t<div class=\"ead-loading-wrap\">\n\t\t\t\t\t<div class=\"ead-loading-main\">\n\t\t\t\t\t\t<div class=\"ead-loading\">\n\t\t\t\t\t\t\t<img loading=\"lazy\" decoding=\"async\" src=\"https:\/\/tuncayilcim.av.tr\/v5\/wp-content\/plugins\/embed-any-document\/images\/loading.svg\" width=\"55\" height=\"55\" alt=\"Loader\">\n\t\t\t\t\t\t\t<span>Loading...<\/span>\n\t\t\t\t\t\t<\/div>\n\t\t\t\t\t<\/div>\n\t\t\t\t\t<div class=\"ead-loading-foot\">\n\t\t\t\t\t\t<div class=\"ead-loading-foot-title\">\n\t\t\t\t\t\t\t<img loading=\"lazy\" decoding=\"async\" src=\"https:\/\/tuncayilcim.av.tr\/v5\/wp-content\/plugins\/embed-any-document\/images\/EAD-logo.svg\" alt=\"EAD Logo\" width=\"36\" height=\"23\"\/>\n\t\t\t\t\t\t\t<span>Taking too long?<\/span>\n\t\t\t\t\t\t<\/div>\n\t\t\t\t\t\t<p>\n\t\t\t\t\t\t\t<div class=\"ead-document-btn ead-reload-btn\" role=\"button\">\n\t\t\t\t\t\t\t\t<img loading=\"lazy\" decoding=\"async\" src=\"https:\/\/tuncayilcim.av.tr\/v5\/wp-content\/plugins\/embed-any-document\/images\/reload.svg\" alt=\"Reload\" width=\"12\" height=\"12\"\/> Reload document\t\t\t\t\t\t\t<\/div>\n\t\t\t\t\t\t\t<span>|<\/span>\n\t\t\t\t\t\t\t<a href=\"https:\/\/tuncayilcim.av.tr\/v5\/wp-content\/uploads\/ilovepdf_merged-2.pdf\" class=\"ead-document-btn\" target=\"_blank\">\n\t\t\t\t\t\t\t\t<img loading=\"lazy\" decoding=\"async\" src=\"https:\/\/tuncayilcim.av.tr\/v5\/wp-content\/plugins\/embed-any-document\/images\/open.svg\" alt=\"Open\" width=\"12\" height=\"12\"\/> Open in new tab\t\t\t\t\t\t\t<\/a>\n\t\t\t\t\t<\/div>\n\t\t\t\t<\/div>\n\t\t\t<\/div>\n\t\t<\/div><p class=\"embed_download\"><a href=\"https:\/\/tuncayilcim.av.tr\/v5\/wp-content\/uploads\/ilovepdf_merged-2.pdf\" download>Download <\/a><\/p><\/div>\n<div dir=\"auto\">\n<div dir=\"auto\">\n<div dir=\"auto\">\n<div dir=\"auto\">\n<div dir=\"auto\">\n<div dir=\"auto\">\n<div class=\"yj6qo\" style=\"text-align: justify;\">\n<div dir=\"auto\">\n<div dir=\"auto\">\n<div dir=\"auto\">\n<div dir=\"auto\">\n<div dir=\"auto\">\n<div dir=\"auto\">\n<div class=\"yj6qo\">\n<div dir=\"auto\" style=\"text-align: center;\"><span style=\"color: #800000;\"><strong>T.C.<\/strong><\/span><\/div>\n<div dir=\"auto\" style=\"text-align: center;\"><span style=\"color: #800000;\"><strong>YARGITAY\u00a0<\/strong><\/span><\/div>\n<div dir=\"auto\" style=\"text-align: center;\"><span style=\"color: #800000;\"><strong>CEZA GENEL KURULU<\/strong><\/span><\/div>\n<div dir=\"auto\"><span style=\"color: #800000;\">Esas: 2021\/398<\/span><\/div>\n<div dir=\"auto\"><span style=\"color: #800000;\">Karar: 2023\/66<\/span><\/div>\n<div dir=\"auto\"><span style=\"color: #800000;\">Tarih: 08.02.2023<\/span><\/div>\n<div dir=\"auto\"><\/div>\n<div dir=\"auto\">5237 say\u0131l\u0131 TCK&#8217;n\u0131n 66. maddesinde; Kanun&#8217;da aksine bir h\u00fck\u00fcm bulunmad\u0131k\u00e7a kamu davas\u0131n\u0131n maddede yaz\u0131l\u0131 s\u00fcrelerin ge\u00e7mesiyle d\u00fc\u015fece\u011fi d\u00fczenlenmi\u015f, maddenin birinci f\u0131kras\u0131n\u0131n (e) bendinde de <strong>be\u015f y\u0131ldan fazla olmamak \u00fczere hapis ya da adl\u00ee para cezas\u0131n\u0131 gerektiren su\u00e7larda bu s\u00fcrenin sekiz y\u0131l olaca\u011f\u0131 h\u00fck\u00fcm alt\u0131na al\u0131nm\u0131\u015ft\u0131r<\/strong>. Ayn\u0131 Kanun&#8217;un 67. maddesinin \u00fc\u00e7 ve d\u00f6rd\u00fcnc\u00fc f\u0131kralar\u0131 uyar\u0131nca kesen bir nedenin varl\u0131\u011f\u0131 h\u00e2linde zamana\u015f\u0131m\u0131, <strong>kesilme g\u00fcn\u00fcnden itibaren yeniden i\u015flemeye ba\u015flayacak ve ilgili su\u00e7a ili\u015fkin olarak Kanun&#8217;da belirlenen s\u00fcre en fazla yar\u0131s\u0131na kadar uzayacakt\u0131r.<\/strong> Yarg\u0131tay Ceza Genel Kurulunun s\u00fcreklilik g\u00f6steren bir\u00e7ok karar\u0131nda a\u00e7\u0131k\u00e7a vurguland\u0131\u011f\u0131 \u00fczere, yarg\u0131lama yap\u0131lmas\u0131na engel olup davay\u0131 d\u00fc\u015f\u00fcren h\u00e2llerden biri olan zamana\u015f\u0131m\u0131n\u0131n yarg\u0131lama s\u0131ras\u0131nda ger\u00e7ekle\u015fmesi h\u00e2linde yerel mahkeme ya da Yarg\u0131tay, resen kural\u0131n\u0131 uygulayarak kamu davas\u0131n\u0131n d\u00fc\u015fmesine karar verecektir. San\u0131k hakk\u0131ndaki kasten basit yaralama su\u00e7unun yapt\u0131r\u0131m\u0131 TCK&#8217;n\u0131n 86\/2. maddesinde d\u00f6rt aydan bir y\u0131la kadar hapis veya adl\u00ee para cezas\u0131 olarak \u00f6ng\u00f6r\u00fclm\u00fc\u015f olup ayn\u0131 Kanun&#8217;un 66\/1-e maddesi gere\u011fince bu su\u00e7a ili\u015fkin asl\u00ee zamana\u015f\u0131m\u0131 s\u00fcresi 8 y\u0131l ola\u011fan\u00fcst\u00fc zamana\u015f\u0131m\u0131 s\u00fcresi ise 12 y\u0131ld\u0131r. Daha a\u011f\u0131r cezay\u0131 gerektiren ba\u015fka bir su\u00e7u olu\u015fturma ihtimali bulunmayan ve 25.02.2013 tarihinde ger\u00e7ekle\u015ftirildi\u011fi iddia edilen eylemle ilgili olarak TCK&#8217;n\u0131n 67\/2-a maddesi uyar\u0131nca belirlenen 8 y\u0131ll\u0131k asl\u00ee dava zamana\u015f\u0131m\u0131 s\u00fcresini kesen en son i\u015flemin 12.09.2013 tarihli mahk\u00fbmiyet karar\u0131 oldu\u011fu anla\u015f\u0131lmakla 12.09.2021 tarihinde dolmu\u015f bulunmaktad\u0131r. Bu itibarla, inceleme tarihi itibar\u0131yla asl\u00ee zamana\u015f\u0131m\u0131n\u0131n ger\u00e7ekle\u015fmesi sebebiyle san\u0131k hakk\u0131ndaki kasten basit yaralama su\u00e7una ili\u015fkin kamu davas\u0131n\u0131n 5237 say\u0131l\u0131 TCK&#8217;n\u0131n 67\/2-a ve 5271 say\u0131l\u0131 CMK&#8217;n\u0131n 223\/8. maddeleri uyar\u0131nca zamana\u015f\u0131m\u0131 nedeniyle d\u00fc\u015fmesine karar verilmelidir.<\/div>\n<div dir=\"auto\"><\/div>\n<\/div>\n<div class=\"adL\">\n<div dir=\"auto\" style=\"text-align: center;\"><span style=\"color: #800000;\"><strong>T.C.<\/strong><\/span><\/div>\n<div dir=\"auto\" style=\"text-align: center;\"><span style=\"color: #800000;\"><strong>YARGITAY\u00a0<\/strong><\/span><\/div>\n<div dir=\"auto\" style=\"text-align: center;\"><span style=\"color: #800000;\"><strong>CEZA GENEL KURULU<\/strong><\/span><\/div>\n<div dir=\"auto\"><span style=\"color: #800000;\">Esas: 2022\/603<\/span><\/div>\n<div dir=\"auto\"><span style=\"color: #800000;\">Karar: 2023\/69<\/span><\/div>\n<div dir=\"auto\"><span style=\"color: #800000;\">Tarih: 08.02.2023<\/span><\/div>\n<div dir=\"auto\"><\/div>\n<div dir=\"auto\">Ceza Genel Kurulunun 23.11.2010 tarihli ve 136\u2013229 say\u0131l\u0131 karar\u0131 ba\u015fta olmak \u00fczere pek \u00e7ok karar\u0131nda; &#8220;Zamana\u015f\u0131m\u0131n\u0131n ger\u00e7ekle\u015fmesi durumunda derhal beraat karar\u0131 verilmesini gerektiren h\u00e2ller hari\u00e7 \u00f6ncelikle beraat de\u011fil,\u00a0 nedeniyle d\u00fc\u015fme karar\u0131 verilmesi, aksi h\u00e2lde, yani derhal beraat karar\u0131 verilmesini gerektiren durumlarda ise zamana\u015f\u0131m\u0131 nedeniyle d\u00fc\u015fme karar\u0131 verilmemesi gerekti\u011fi,&#8221; kabul edilmi\u015ftir.<\/div>\n<div dir=\"auto\" style=\"text-align: center;\"><\/div>\n<div dir=\"auto\">\n<div dir=\"auto\" style=\"text-align: center;\"><span style=\"color: #800000;\"><strong>T.C.<\/strong><\/span><\/div>\n<div dir=\"auto\" style=\"text-align: center;\"><span style=\"color: #800000;\"><strong>YARGITAY<\/strong><\/span><\/div>\n<div dir=\"auto\" style=\"text-align: center;\"><span style=\"color: #800000;\"><strong>CEZA GENEL KURULU<\/strong><\/span><\/div>\n<div dir=\"auto\"><span style=\"color: #800000;\">Esas: 2019\/142<\/span><\/div>\n<div dir=\"auto\"><span style=\"color: #800000;\">Karar: 2023\/25<\/span><\/div>\n<div dir=\"auto\"><span style=\"color: #800000;\">Tarih: 18.01.2023<\/span><\/div>\n<div dir=\"auto\"><\/div>\n<div dir=\"auto\">Ceza davalar\u0131nda zaman a\u015f\u0131m\u0131 s\u00fcreleri TCK&#8217;n\u0131n 66&#8217;\u0131nc\u0131 maddesinde d\u00fczenlenmi\u015ftir. zamana\u015f\u0131m\u0131 zaman a\u015f\u0131m\u0131n\u0131n belirlenmesinde kanunda aksine h\u00fck\u00fcm bulunmayan hallerde, yasa maddesinde yer alan cezas\u0131n\u0131n yukar\u0131 s\u0131n\u0131r\u0131 esas al\u0131n\u0131rken, ayr\u0131ca su\u00e7un daha a\u011f\u0131r cezay\u0131 gerektiren nitelikli halleri var ise g\u00f6z \u00f6n\u00fcnde bulundurularak \u00fcst s\u0131n\u0131r tespit edilecektir. Se\u00e7imlilik cezalarda ise\u00a0 bak\u0131m\u0131ndan hapis cezas\u0131n\u0131n dikkate al\u0131nmas\u0131 gerekmektedir. Zamana\u015f\u0131m\u0131n\u0131 kesen sebepler ise TCK&#8217;n\u0131n 67\/2. maddesinde say\u0131lm\u0131\u015ft\u0131r. Buna g\u00f6re, bir su\u00e7la ilgili olarak;<\/div>\n<ul>\n<li>a) \u015e\u00fcpheli veya san\u0131klardan birinin savc\u0131 huzurunda ifadesinin al\u0131nmas\u0131 veya sorguya \u00e7ekilmesi,<\/li>\n<li>b) \u015e\u00fcpheli veya san\u0131klardan biri hakk\u0131nda tutuklama karar\u0131n\u0131n verilmesi,<\/li>\n<li>c) Su\u00e7la ilgili olarak iddianame d\u00fczenlenmesi,<\/li>\n<li>d) San\u0131klardan bir k\u0131sm\u0131 hakk\u0131nda da olsa, mahk\u00fbmiyet karar\u0131 verilmesi halinde ,dava zamana\u015f\u0131m\u0131,<wbr \/> kesilecektir.<\/li>\n<\/ul>\n<p>TCK&#8217;n\u0131n 67. maddesinin \u00fc\u00e7\u00fcnc\u00fc f\u0131kras\u0131 gere\u011fince kesen bir nedenin bulunmas\u0131 h\u00e2linde zamana\u015f\u0131m\u0131 dava, kesilme g\u00fcn\u00fcnden itibaren yeniden i\u015flemeye ba\u015flayacak,\u00a0 zamana\u015f\u0131m\u0131n\u0131 kesen birden fazla nedenin bulunmas\u0131 h\u00e2linde ise son kesme nedeninin ger\u00e7ekle\u015fti\u011fi tarih esas al\u0131nacak, d\u00f6rd\u00fcnc\u00fc f\u0131kras\u0131 uyar\u0131nca da kesilme h\u00e2linde, zamana\u015f\u0131m\u0131 s\u00fcresi ilgili su\u00e7a ili\u015fkin olarak kanunda belirlenen s\u00fcrenin en fazla yar\u0131s\u0131na kadar uzayacakt\u0131r.<\/p>\n<div dir=\"auto\" style=\"text-align: center;\"><\/div>\n<div dir=\"auto\">\n<div dir=\"auto\" style=\"text-align: center;\"><span style=\"color: #800000;\"><strong>T.C.<\/strong><\/span><\/div>\n<div dir=\"auto\" style=\"text-align: center;\"><span style=\"color: #800000;\"><strong>YARGITAY<\/strong><\/span><\/div>\n<div dir=\"auto\" style=\"text-align: center;\"><span style=\"color: #800000;\"><strong>CEZA GENEL KURULU<\/strong><\/span><\/div>\n<div dir=\"auto\"><span style=\"color: #800000;\">Esas: 2019\/617<\/span><\/div>\n<div dir=\"auto\"><span style=\"color: #800000;\">Karar: 2022\/66<\/span><\/div>\n<div dir=\"auto\"><span style=\"color: #800000;\">1Tarih: 25.10.2022<\/span><\/div>\n<div dir=\"auto\"><\/div>\n<div dir=\"auto\">Ceza Genel Kurulunun 23.11.2010 tarihli ve 136\u2013229 say\u0131l\u0131 karar\u0131 ba\u015fta olmak \u00fczere pek \u00e7ok karar\u0131nda; &#8220;zamana\u015f\u0131m\u0131n\u0131n ger\u00e7ekle\u015fmesi durumunda derhal beraat karar\u0131 verilmesini gerektiren h\u00e2ller hari\u00e7 \u00f6ncelikle beraat de\u011fil,\u00a0 nedeniyle d\u00fc\u015fme karar\u0131 verilmesi, aksi h\u00e2lde, yani derhal beraat karar\u0131 verilmesini gerektiren durumlarda ise zamana\u015f\u0131m\u0131 nedeniyle d\u00fc\u015fme karar\u0131 verilmemesi gerekti\u011fi&#8221; kabul edilmi\u015ftir. Di\u011fer taraftan, TCK&#8217;n\u0131n 66. maddesinde; kanunda aksine bir h\u00fck\u00fcm bulunmad\u0131k\u00e7a kamu davas\u0131n\u0131n maddede yaz\u0131l\u0131 s\u00fcrelerin ge\u00e7mesiyle ortadan kalkaca\u011f\u0131 d\u00fczenlenmi\u015f, ayn\u0131 maddenin birinci f\u0131kras\u0131n\u0131n (e) bendinde be\u015f y\u0131ldan fazla olmamak \u00fczere hapis veya adli para cezas\u0131n\u0131 gerektiren su\u00e7larda bu s\u00fcrenin 8 y\u0131l olaca\u011f\u0131 h\u00fck\u00fcm alt\u0131na al\u0131nm\u0131\u015ft\u0131r. Ayn\u0131 Kanun\u2019un 67. maddesinin 3. f\u0131kras\u0131 gere\u011fince kesen bir nedenin bulunmas\u0131 h\u00e2linde zamana\u015f\u0131m\u0131, kesilme g\u00fcn\u00fcnden itibaren yeniden i\u015flemeye ba\u015flayacak, zamana\u015f\u0131m\u0131 zamana\u015f\u0131m\u0131n\u0131 kesen birden fazla nedenin bulunmas\u0131 durumunda ise son kesme nedeninin ger\u00e7ekle\u015fti\u011fi tarih esas al\u0131nacak, d\u00f6rd\u00fcnc\u00fc f\u0131kras\u0131 uyar\u0131nca da kesilme h\u00e2linde,\u00a0 s\u00fcresi ilgili su\u00e7a ili\u015fkin olarak kanunda belirlenen s\u00fcrenin en fazla yar\u0131s\u0131na kadar uzayacakt\u0131r. Yarg\u0131tay Ceza Genel Kurulunun s\u00fcreklilik g\u00f6steren bir\u00e7ok karar\u0131nda a\u00e7\u0131k\u00e7a vurguland\u0131\u011f\u0131 \u00fczere, yarg\u0131lama yap\u0131lmas\u0131na engel olup davay\u0131 d\u00fc\u015f\u00fcren h\u00e2llerden biri olan zamana\u015f\u0131m\u0131n\u0131n yarg\u0131lama s\u0131ras\u0131nda ger\u00e7ekle\u015fmesi durumunda, mahkeme ya da Yarg\u0131tay, resen\u00a0 kural\u0131n\u0131 uygulayarak kamu davas\u0131n\u0131n d\u00fc\u015fmesine karar verecektir. San\u0131\u011f\u0131n eylemine uyan kar\u015f\u0131l\u0131ks\u0131z yararlanma su\u00e7unun yapt\u0131r\u0131m\u0131, TCK&#8217;n\u0131n 163\/3. maddesinde bir y\u0131ldan \u00fc\u00e7 y\u0131la kadar hapis olarak belirlenmi\u015ftir. TCK\u2019n\u0131n 66\/1-e maddesi uyar\u0131nca bu su\u00e7un asli dava zamana\u015f\u0131m\u0131\u00a0 8 y\u0131l, ayn\u0131 Kanun\u2019un 67\/3. maddesi de g\u00f6z \u00f6n\u00fcnde bulunduruldu\u011funda kesintili dava zamana\u015f\u0131m\u0131 s\u00fcresi 12 y\u0131l olup, san\u0131\u011f\u0131n sorgusunun yap\u0131ld\u0131\u011f\u0131 13.11.2009 tarihi ile \u00d6zel Dairece incelemenin yap\u0131ld\u0131\u011f\u0131 07.10.2019 tarihi aras\u0131nda 13.11.2017 g\u00fcn\u00fc kesintili\u00a0 zamana\u015f\u0131m\u0131n\u0131n doldu\u011fu anla\u015f\u0131lmaktad\u0131r. Eylemin su\u00e7 olu\u015fturmamas\u0131 veya yeni bir yasal d\u00fczenleme ile su\u00e7 olmaktan \u00e7\u0131kar\u0131lmas\u0131 gibi herhangi bir ara\u015ft\u0131rmay\u0131 gerektirmeyen h\u00e2lin, ba\u015fka bir deyi\u015fle, derhal beraat karar\u0131 verilmesini gerektiren bir durumun bulunmad\u0131\u011f\u0131 ve daha a\u011f\u0131r cezay\u0131 gerektiren ba\u015fka bir su\u00e7u da olu\u015fturma ihtimali olmad\u0131\u011f\u0131 sabittir.<\/div>\n<div dir=\"auto\" style=\"text-align: center;\"><\/div>\n<div dir=\"auto\">\n<div dir=\"auto\" style=\"text-align: center;\"><span style=\"color: #800000;\"><strong>T.C.<\/strong><\/span><\/div>\n<div dir=\"auto\" style=\"text-align: center;\"><span style=\"color: #800000;\"><strong>YARGITAY<\/strong><\/span><\/div>\n<div dir=\"auto\" style=\"text-align: center;\"><span style=\"color: #800000;\"><strong>B\u0130R\u0130NC\u0130 CEZA DA\u0130RES\u0130<\/strong><\/span><\/div>\n<div dir=\"auto\"><span style=\"color: #800000;\">Esas: 2022\/14801<\/span><\/div>\n<div dir=\"auto\"><span style=\"color: #800000;\">Karar: 2023\/4916<\/span><\/div>\n<div dir=\"auto\"><span style=\"color: #800000;\">Tarih: 11.07.2023<\/span><\/div>\n<div dir=\"auto\"><\/div>\n<div dir=\"auto\">Zamana\u015f\u0131m\u0131 kesildi\u011finde, zamana\u015f\u0131m\u0131 s\u00fcresi yeniden i\u015flemeye ba\u015flar.\u00a0 Zamana\u015f\u0131m\u0131n\u0131 kesen birden fazla nedenin bulunmas\u0131 halinde, zamana\u015f\u0131m\u0131 s\u00fcresi son kesme nedeninin ger\u00e7ekle\u015fti\u011fi tarihten itibaren yeniden i\u015flemeye ba\u015flar. Kesilme halinde, zamana\u015f\u0131m\u0131 s\u00fcresi ilgili su\u00e7a ili\u015fkin olarak Kanunda belirlenen s\u00fcrenin en fazla yar\u0131s\u0131na kadar uzar&#8230;&#8221; \u015feklinde d\u00fczenlemeye haizdir. Kat\u0131lan san\u0131klar hakk\u0131nda a\u00e7\u0131lan kamu davas\u0131na konu su\u00e7un, 5237 say\u0131l\u0131 Kanunun 86 nc\u0131 maddesinin ikinci f\u0131kras\u0131 ve ayn\u0131 maddenin \u00fc\u00e7\u00fcnc\u00fc f\u0131kras\u0131n\u0131n (e) bendi kapsam\u0131nda bulundu\u011fu ve <strong>8 y\u0131ll\u0131k ola\u011fan, 12 y\u0131ll\u0131k ola\u011fan\u00fcst\u00fc zamana\u015f\u0131m\u0131 s\u00fcrelerine tabi oldu\u011fu<\/strong> belirlenmi\u015ftir.<\/div>\n<div dir=\"auto\"><\/div>\n<div dir=\"auto\">\n<div dir=\"auto\" style=\"text-align: center;\"><strong><span style=\"color: #800000;\">T.C.<\/span><\/strong><\/div>\n<div dir=\"auto\" style=\"text-align: center;\"><strong><span style=\"color: #800000;\">YARGITAY<\/span><\/strong><\/div>\n<div dir=\"auto\" style=\"text-align: center;\"><strong><span style=\"color: #800000;\">ONB\u0130R\u0130NC\u0130 HUKUK DA\u0130RES\u0130<\/span><\/strong><\/div>\n<div dir=\"auto\" style=\"text-align: left;\"><span style=\"color: #800000;\">Esas: 2023\/2519<\/span><\/div>\n<div dir=\"auto\"><span style=\"color: #800000;\">Karar: 2023\/4253<\/span><\/div>\n<div dir=\"auto\"><span style=\"color: #800000;\">Tarih: 10.07.2023<\/span><\/div>\n<div dir=\"auto\"><\/div>\n<div dir=\"auto\">Ceza davas\u0131\u00a0 uygulanabilmesi i\u00e7in tazminat sorumlulu\u011funa neden olan fiilin ceza kanunlar\u0131na g\u00f6re su\u00e7 olu\u015fturmas\u0131 ve cezay\u0131 gerektirmesi yeterli olup ayr\u0131ca haks\u0131z fiilin faili hakk\u0131nda ceza davas\u0131 a\u00e7\u0131lm\u0131\u015f olmas\u0131 veya mahkumiyet karar\u0131 verilmi\u015f olmas\u0131, hatta soru\u015fturma yap\u0131lmas\u0131 gerekli de\u011fildir. Bu nedenle tazminat davas\u0131na bakan hakim zamana\u015f\u0131m\u0131 defi ile kar\u015f\u0131la\u015ft\u0131\u011f\u0131nda, davan\u0131n esas\u0131na girmeden \u00f6nce fiilin cezay\u0131 gerektirir bir fiil olup olmad\u0131\u011f\u0131n\u0131 ceza hukuku ilkelerine g\u00f6re kendisi de\u011ferlendirecek, fiilin su\u00e7 niteli\u011finde oldu\u011fu kanaatine ula\u015f\u0131rsa ceza zamana\u015f\u0131m\u0131n\u0131 dikkate alacakt\u0131r <em>(Tekinay, S. Sulhi\/Akman, Sermet\/Burcuo\u011flu, Haluk\/Altop, Atilla: Tekinay Bor\u00e7lar Hukuku Genel H\u00fck\u00fcmler, \u0130stanbul 1993, s. 723.) <\/em>Hemen belirtilmelidir ki ceza davas\u0131 zamana\u015f\u0131m\u0131 s\u00fcresinin ba\u015flang\u0131c\u0131 818 say\u0131l\u0131 Kanun h\u00fck\u00fcmlerine g\u00f6re de\u011fil, ceza kanunu h\u00fck\u00fcmlerine g\u00f6re belirlenir. Buna g\u00f6re ceza davas\u0131 zamana\u015f\u0131m\u0131n\u0131n uyguland\u0131\u011f\u0131 durumlarda zamana\u015f\u0131m\u0131 s\u00fcresi, zarar\u0131n ve failin \u00f6\u011frenildi\u011fi\u00a0 tarihten itibaren de\u011fil, su\u00e7 te\u015fkil eden fiilin i\u015flendi\u011fi (veya fiilin tamamland\u0131\u011f\u0131) tarihten itibaren i\u015flemeye ba\u015flayacakt\u0131r. Ceza kanunu h\u00fck\u00fcmleri, sadece ceza davas\u0131n\u0131n durmas\u0131 s\u00fcresi ve ba\u015flang\u0131\u00e7 noktas\u0131 bak\u0131m\u0131ndan uygulanacak olup zamana\u015f\u0131m\u0131n\u00a0 ve kesilmesine ili\u015fkin nedenler ve sonu\u00e7lar\u0131 hakk\u0131nda 818 say\u0131l\u0131 Kanun h\u00fck\u00fcmleri uygulanacakt\u0131r (Antalya, O. G\u00f6khan: Bor\u00e7lar Hukuku Genel H\u00fck\u00fcmler, C. II, \u0130stanbul 2017, s. 515).Ceza davas\u0131 zamana\u015f\u0131m\u0131 s\u00fcresinin amac\u0131 g\u00f6zetildi\u011finde, daha uzun olmak \u015fart\u0131yla bu s\u00fcrenin hem bir y\u0131ll\u0131k nispi zamana\u015f\u0131m\u0131 s\u00fcresi hem de on y\u0131ll\u0131k mutlak zamana\u015f\u0131m\u0131 s\u00fcresi a\u00e7\u0131s\u0131ndan uygulanmas\u0131 gerekir. On y\u0131ldan fazla ceza davas\u0131 zamana\u015f\u0131m\u0131 s\u00fcresinin s\u00f6z konusu oldu\u011fu bir durumda art\u0131k nispi ve mutlak zamana\u015f\u0131m\u0131 s\u00fcresi dikkate al\u0131nmayacakt\u0131r. Bu durumda ceza davas\u0131 zamana\u015f\u0131m\u0131 s\u00fcresi hem bir y\u0131ll\u0131k nispi zamana\u015f\u0131m\u0131 s\u00fcresinin hem de on y\u0131ll\u0131k mutlak zamana\u015f\u0131m\u0131 s\u00fcresinin yerini alacak, tazminat davas\u0131 en ge\u00e7 bu s\u00fcrenin sonuna kadar a\u00e7\u0131labilecektir. \u00d6te yandan ceza davas\u0131 zamana\u015f\u0131m\u0131 s\u00fcresi bir y\u0131ll\u0131k nispi zamana\u015f\u0131m\u0131 s\u00fcresinden uzun ancak on y\u0131ll\u0131k mutlak zamana\u015f\u0131m\u0131 s\u00fcresinden k\u0131sa ise bu durumda sadece nispi zamana\u015f\u0131m\u0131 s\u00fcresinin yerine uygulanma imkan\u0131na sahip olacakt\u0131r. <em>(Tekinay\/Akman Burcuo\u011flu\/Altop, s. 725.).<\/em> Zarar g\u00f6ren, zarar ve faili ne zaman \u00f6\u011frenmi\u015f olursa olsun on y\u0131ll\u0131k mutlak zamana\u015f\u0131m\u0131 s\u00fcresinin ge\u00e7memi\u015f olmas\u0131 \u015fart\u0131yla ceza davas\u0131 zamana\u015f\u0131m\u0131 s\u00fcresi i\u00e7inde tazminat davas\u0131 a\u00e7abilecektir. Bununla birlikte ceza davas\u0131 zamana\u015f\u0131m\u0131 s\u00fcresi dolmu\u015f olsa dahi zarar g\u00f6ren on y\u0131ll\u0131k mutlak zamana\u015f\u0131m\u0131 s\u00fcresi i\u00e7erisinde zarar ve faili \u00f6\u011frendi\u011fi tarihten itibaren i\u015flemeye ba\u015flayan bir y\u0131ll\u0131k nispi zamana\u015f\u0131m\u0131 s\u00fcresi i\u00e7inde tazminat davas\u0131 a\u00e7abilecektir.<\/div>\n<ul>\n<li>Ceza zamana\u015f\u0131m\u0131n\u0131n kesilmesiyle o g\u00fcne kadar i\u015flemi\u015f olan zamana\u015f\u0131m\u0131 s\u00fcresi yanar ve s\u00fcre kesilme g\u00fcn\u00fcnden itibaren yeniden ve tam olarak i\u015flemeye ba\u015flar. Dava zamana\u015f\u0131m\u0131n\u0131n kesilmesinin aksine, ceza zamana\u015f\u0131m\u0131n\u0131n kesilmesinde bir \u00fcst s\u0131n\u0131r yoktur. Ceza zamana\u015f\u0131m\u0131yla birlikte d\u00fc\u015fen cezad\u0131r, h\u00fck\u00fcm di\u011fer sonu\u00e7lar\u0131yla birlikte varl\u0131\u011f\u0131n\u0131 s\u00fcrd\u00fcrmektedir. Ceza zamana\u015f\u0131m\u0131 s\u00fcresinin dolmas\u0131yla devletin cezay\u0131 infaz hakk\u0131 ortadan kalkar. Buna ba\u011fl\u0131 olarak, h\u00fck\u00fcml\u00fcn\u00fcn ceza zamana\u015f\u0131m\u0131ndan feragat etmesi m\u00fcmk\u00fcn de\u011fildir. Cezan\u0131n zamana\u015f\u0131m\u0131na u\u011framas\u0131, Cumhuriyet savc\u0131s\u0131 taraf\u0131ndan re\u2019sen dikkate al\u0131n\u0131r. Cumhuriyet savc\u0131s\u0131, cezan\u0131n zamana\u015f\u0131m\u0131na u\u011fray\u0131p u\u011framad\u0131\u011f\u0131 konusunda teredd\u00fcde d\u00fc\u015fer veya h\u00fck\u00fcml\u00fc cezan\u0131n zamana\u015f\u0131m\u0131na u\u011frad\u0131\u011f\u0131n\u0131 ileri s\u00fcrerse, 5275 say\u0131l\u0131 Kanun\u2019un 7242 say\u0131l\u0131 Kanun\u2019un 41. maddesi ile de\u011fi\u015fik 98\/1-b maddesi uyar\u0131nca infaz h\u00e2kimli\u011finden karar istenir <span style=\"color: #800000;\"><em>(Ceza Genel Kurulu 2020\/246 E. , 2021\/592 K.).<\/em><\/span><\/li>\n<\/ul>\n<\/div>\n<ul>\n<li dir=\"auto\">Resmi belgede sahtecilik su\u00e7u d\u00fczenleme tarihinde olu\u015fur ve su\u00e7un olu\u015fmas\u0131 i\u00e7in su\u00e7 konusu belgenin kullan\u0131lmas\u0131 gerekli de\u011fil ise de; yerel mahkemece ge\u00e7mi\u015f tarihli d\u00fczenlendi\u011fi kabul edilen sahte belgelerin d\u00fczenlendikleri zaman tam olarak belirlenemedi\u011finden, su\u00e7 tarihlerinin tespitine y\u00f6nelik olarak en aleyhe olacak \u015fekilde de\u011ferlendirme yap\u0131l\u0131p haklar\u0131nda belge d\u00fczenlenen ki\u015filerin di\u011fer kurumda i\u015fe ba\u015flad\u0131klar\u0131 g\u00fcn\u00fcn su\u00e7 tarihi kabul edilmesi halinde dahi, san\u0131klar hakk\u0131ndaki kamu davas\u0131nda zamana\u015f\u0131m\u0131 ger\u00e7ekle\u015fmi\u015f olacakt\u0131r.\u00a0 <span style=\"color: #993300;\"><em>CGK, 8.5.2012, 11\/292-184<\/em><\/span><\/li>\n<\/ul>\n<\/div>\n<\/div>\n<\/div>\n<\/div>\n<\/div>\n<\/div>\n<ul>\n<li dir=\"auto\" style=\"text-align: justify;\">CGK n\u0131n 23.11.2010 g\u00fcn ve 136-229 say\u0131l\u0131 karar\u0131 ba\u015fta olmak \u00fczere pek \u00e7ok karar\u0131nda, zamana\u015f\u0131m\u0131n\u0131n ger\u00e7ekle\u015fmesi durumunda derhal beraat karar\u0131 verilmesini gerektiren haller hari\u00e7 \u00f6ncelikle beraat de\u011fil, zamana\u015f\u0131m\u0131 nedeniyle d\u00fc\u015fme karar\u0131 verilmesi, aksi halde, yani derhal beraat karar\u0131 verilmesini gerektiren hallerde ise zamana\u015f\u0131m\u0131 nedeniyle d\u00fc\u015fme karar\u0131 verilmemesi gerekti\u011fi kabul edilmi\u015ftir. <em><span style=\"color: #993300;\">CGK, 28.2.2012,2011\/7-400-2012\/65<\/span><\/em><\/li>\n<\/ul>\n<div dir=\"auto\" style=\"text-align: justify;\">\n<div dir=\"auto\">\n<div class=\"adL\">\n<div dir=\"auto\">\n<div dir=\"auto\">\n<div dir=\"auto\">\n<div dir=\"auto\">\n<ul>\n<li dir=\"auto\">Nitelikli haller a\u00e7\u0131s\u0131ndan kanun koyucunun tercih etti\u011fi yapt\u0131r\u0131m sistemi dikkate al\u0131nmaks\u0131z\u0131n, ister ba\u011f\u0131ms\u0131z bir yapt\u0131r\u0131m \u00f6ng\u00f6r\u00fclm\u00fc\u015f olsun, isterse belirli bir oran dahilinde art\u0131r\u0131m y\u00f6ntemi tercih edilmi\u015f olsun, zamana\u015f\u0131m\u0131 y\u00f6n\u00fcnden daha a\u011f\u0131r cezay\u0131 gerektiren t\u00fcm nitelikli haller dikkate al\u0131narak belirlenmelidir. <span style=\"color: #993300;\"><em>CGK, 20.12.2011, 2011\/3-220-2011\/274<\/em><\/span><\/li>\n<\/ul>\n<\/div>\n<\/div>\n<\/div>\n<\/div>\n<\/div>\n<\/div>\n<\/div>\n<\/div>\n<\/div>\n<\/div>\n<\/div>\n<\/div>\n<ul>\n<li class=\"adL\" style=\"text-align: justify;\">5271 say\u0131l\u0131 yasada ola\u011fan\u00fcst\u00fc\u00a0 bir yasa yolu olarak d\u00fczenlenmi\u015f bulunan Yarg\u0131tay Cumhuriyet Ba\u015fsavc\u0131l\u0131\u011f\u0131 itiraz\u0131 \u00fczerine yap\u0131lan incelemede, CGK unca itiraz\u0131n kabul\u00fc durumunda \u00f6zel daire onama karar\u0131 ile CGK n\u0131n karar tarihi aras\u0131nda ge\u00e7en s\u00fcrenin dava zamana\u015f\u0131m\u0131n\u0131n hesaplanmas\u0131nda g\u00f6z \u00f6n\u00fcnde bulundurulmamas\u0131 gerekti\u011finin kabul\u00fc zorunludur. Ancak itiraz\u0131n kabul\u00fc \u00fczerine dosyan\u0131n derdest hale gelmesi nedeniyle yarg\u0131lamaya devam edildi\u011finde CGK nca itiraz\u0131n kabul\u00fc tarihinden itibaren ge\u00e7erli olmak \u00fczere s\u00fcre i\u015flemeye devam edece\u011finden dava zamana\u015f\u0131m\u0131 buna g\u00f6re hesaplanmal\u0131d\u0131r. <span style=\"color: #993300;\"><em>CGK, 22.11.2011,2011\/4-203-2011\/238<\/em><\/span><\/li>\n<\/ul>\n<\/div>\n<\/div>\n<\/div>\n<\/div>\n<\/div>\n<\/div>\n<ul>\n<li style=\"text-align: justify;\">Ceza Genel Kurulunca inceleme yap\u0131l\u0131rken, \u00f6zel daire karar\u0131n\u0131n hukuka ayk\u0131r\u0131 g\u00f6r\u00fclerek kald\u0131r\u0131lmas\u0131 ve yerel mahkemece h\u00fckm\u00fcn\u00fcn esastan veya us\u00fclden bozulmas\u0131 halinde, itiraz\u0131n kabul\u00fc ile dava derdest hale gelece\u011finden, dava zamana\u015f\u0131m\u0131 s\u00fcresinin doldu\u011funun saptanmas\u0131 durumunda kamu davas\u0131n\u0131n d\u00fc\u015fmesine de karar verilmesi gerekmektedir. <em><span style=\"color: #993300;\">CGK, 29.06.2010,2\/129-160<\/span><\/em><\/li>\n<\/ul>\n<ul>\n<li style=\"text-align: justify;\">San\u0131k hakk\u0131nda yoklama ka\u00e7a\u011f\u0131 su\u00e7undan a\u00e7\u0131lm\u0131\u015f bulunan kamu davas\u0131na ili\u015fkin dava zamana\u015f\u0131m\u0131 s\u00fcresinin su\u00e7 tarihinden itibaren de\u011fil, 1111 say\u0131l\u0131 Askerlik Kanununun md 2\/1 gere\u011fince 41 ya\u015f\u0131na girece\u011fi 2017 y\u0131l\u0131n\u0131n ocak ay\u0131n\u0131n 1.g\u00fcn\u00fcnden itibaren ba\u015flayaca\u011f\u0131n\u0131n ve bu nedenle de dolmak bir yana hen\u00fcz i\u015flemeye bile ba\u015flamad\u0131\u011f\u0131n\u0131n kabul\u00fc gerekir. <span style=\"color: #993300;\"><em>CGK, 25.5.2010, 2010\/7-44-2010\/124<\/em><\/span><\/li>\n<\/ul>\n<ul>\n<li style=\"text-align: justify;\">5252 say\u0131l\u0131 yasan\u0131n lehe olan h\u00fck\u00fcmlerin uygulanmas\u0131nda usul ba\u015fl\u0131kl\u0131 md.9\/4 gere\u011fince kesin h\u00fck\u00fcmle sonu\u00e7lanm\u0131\u015f olan davalarda, sonradan y\u00fcr\u00fcrl\u00fc\u011fe giren bir kanunla ilgili olarak lehe h\u00fckm\u00fcn belirlenmesi ve uygulanmas\u0131 amac\u0131yla yap\u0131lan yarg\u0131lama bak\u0131m\u0131ndan dava zamana\u015f\u0131m\u0131na ili\u015fkin h\u00fck\u00fcmler uygulanmaz. \u015feklindeki d\u00fczenleme nedeniyle lehe yasa uygulamas\u0131 amac\u0131yla yap\u0131lacak uyarlama yarg\u0131lamas\u0131nda dava zamana\u015f\u0131m\u0131na ili\u015fkin kurallar\u0131n uygulanma olana\u011f\u0131 bulunmamaktad\u0131r. <span style=\"color: #993300;\"><em>CGK, 17.6.2008,2008\/6-140-2008\/172<\/em><\/span><\/li>\n<\/ul>\n<ul>\n<li style=\"text-align: justify;\">TCK n\u0131n md 283\/1 de \u00f6ng\u00f6r\u00fclen su\u00e7ta dava zamana\u015f\u0131m\u0131, tahribat veya musibetin ger\u00e7ekle\u015fmesi, 2.f\u0131kras\u0131ndaki su\u00e7ta ise yaralanma ve \u00f6l\u00fcm an\u0131ndan itibaren i\u015flemeye ba\u015flar. <span style=\"color: #993300;\"><em>CGK.4.3.2003,9-314\/15<\/em><\/span><\/li>\n<\/ul>\n<ul>\n<li style=\"text-align: justify;\">San\u0131\u011f\u0131n bozma karar\u0131na kar\u015f\u0131 diyeceklerinin tespitinin dava zamana\u015f\u0131m\u0131 s\u00fcresini kesmemesi ve zamana\u015f\u0131m\u0131 s\u00fcresini kesen en son i\u015flemin 15.2.2005 tarihinde askeri mahkeme huzurundaki sorgusunun olmas\u0131 kar\u015f\u0131s\u0131nda, bu tarihten itibaren hesaplanmas\u0131 gereken 765 say\u0131l\u0131 TCK n\u0131n 102\/4 \u00fcnc\u00fc maddesinde \u00f6ng\u00f6r\u00fclen 5 y\u0131ll\u0131k dava zamana\u015f\u0131m\u0131 s\u00fcresinin doldu\u011fu anla\u015f\u0131ld\u0131\u011f\u0131ndan, direnme h\u00fckm\u00fcn\u00fcn bozulmas\u0131na, bozma nedeni yeniden yarg\u0131lama yap\u0131lmas\u0131n\u0131 gerektirmedi\u011finden kamu davas\u0131n\u0131n d\u00fc\u015fmesine karar verilmi\u015ftir. <span style=\"color: #993300;\"><em>Askeri Yarg\u0131tay Daireler Kurulu 4.3.2010, 2010\/27-2010\/21<\/em><\/span><\/li>\n<\/ul>\n<ul>\n<li style=\"text-align: justify;\">Ayr\u0131nt\u0131lar\u0131 CGK 22.11.2011 g\u00fcn ve 203-238 say\u0131l\u0131 karar\u0131nda a\u00e7\u0131kland\u0131\u011f\u0131 \u00fczere \u00f6zel daire onama karar\u0131 ile CGK n\u0131n karar tarihi aras\u0131nda ge\u00e7en s\u00fcre dava zamana\u015f\u0131m\u0131 hesaplanmas\u0131nda dikkate al\u0131nmayaca\u011f\u0131ndan inceleme konusu dosyada dava zamana\u015f\u0131m\u0131n\u0131n ger\u00e7ekle\u015fti\u011finden bahsedilemez. <span style=\"color: #993300;\"><em>CGK, 29.3.2016, 2014\/4-749;2016\/158<\/em><\/span><\/li>\n<\/ul>\n<ul>\n<li style=\"text-align: justify;\">Zamana\u015f\u0131m\u0131 nedeniyle d\u00fc\u015fme karar\u0131na kar\u015f\u0131 san\u0131k m\u00fcdafin temyizinde hukuki yarar bulunmad\u0131\u011f\u0131ndan vaki temyiz isteminin 5320 say\u0131l\u0131 yasan\u0131n 8\/1 maddesi g\u00f6zetilerek CMUK md.317 gere\u011fince reddine <span style=\"color: #993300;\"><em>Y.5.CD.1.11.2018, 2018\/5907-2018\/8408<\/em><\/span><\/li>\n<\/ul>\n<ul>\n<li style=\"text-align: justify;\">Daha a\u011f\u0131r cezay\u0131 gerektiren ba\u015fka bir su\u00e7u olu\u015fturma ihtimali bulunmayan ve son su\u00e7un 20.08.2009 tarihinde i\u015flendi\u011fi iddia edilen eylemlerle ilgili olarak, soru\u015fturma izni verilmesinin talep edildi\u011fi 12.08.2011 ile iznin verildi\u011fi 15.09.2011 tarihleri aras\u0131ndaki 1 ay 3 g\u00fcnl\u00fck durma s\u00fcresi ile, kovu\u015fturma izninin verilmesinin talep edildi\u011fi 25.10.2011 ile iznin verildi\u011fi 24.11.2011 tarihleri aras\u0131ndaki 29 g\u00fcnl\u00fck durma s\u00fcresi de g\u00f6zetildi\u011finde, 12 y\u0131ll\u0131k kesintili dava zamana\u015f\u0131m\u0131 s\u00fcresinin 22.10.2021 y\u0131l\u0131nda dolaca\u011f\u0131, CK n\u0131n inceleme tarihinde olmad\u0131\u011f\u0131 anla\u015f\u0131lmaktad\u0131r. <span style=\"color: #993300;\"><em>CGK, 5.11.2019,2018\/5-526;2019\/639<\/em><\/span><\/li>\n<\/ul>\n<ul>\n<li style=\"text-align: justify;\">4483 say\u0131l\u0131 yasaya g\u00f6re \u00f6n inceleme oluru verilmesinden soru\u015fturma iznine y\u00f6nelik itiraz\u0131n Dan\u0131\u015ftayca reddedilerek kesinle\u015fene kadar ge\u00e7en s\u00fcre i\u00e7inde de zamana\u015f\u0131m\u0131 765 say\u0131l\u0131 TCK n\u0131n 107.maddesi gere\u011fince durmakta, i\u015flememektedir.<span style=\"color: #993300;\"><em> CGK, 19.10.2010,2010\/4.MD.-142-2010\/207<\/em><\/span><\/li>\n<\/ul>\n<ul>\n<li style=\"text-align: justify;\">Bir memurun i\u015fledi\u011fi g\u00f6rev su\u00e7u nedeniyle C.Savc\u0131s\u0131n\u0131n yetkili makama soru\u015fturma izni almak i\u00e7in ba\u015fvurmas\u0131yla dava zamana\u015f\u0131m\u0131 duracak, 4483 say\u0131l\u0131 yasada belirtilen yetkili makam\u0131n soru\u015fturma izni vermesiyle s\u00fcre kald\u0131\u011f\u0131 yerden i\u015flemeye ba\u015flayacakt\u0131r. CGK , 28.03.2006,2006\/4.MD-38-2006\/94<\/li>\n<\/ul>\n<ul>\n<li style=\"text-align: justify;\">Hakim ve savc\u0131lar\u0131n i\u015fledi\u011fi su\u00e7larda Adalet Bakanl\u0131\u011f\u0131nca soru\u015fturma izni verilmesinden kovu\u015fturma izni verilmesine kadar ge\u00e7en a\u015famada zamana\u015f\u0131m\u0131 durur. <span style=\"color: #993300;\"><em>CGK.13.11.2007,2007\/4MD-124-2007\/236<\/em><\/span><\/li>\n<\/ul>\n<ul>\n<li style=\"text-align: justify;\">Hukuk mahkemesince a\u00e7\u0131lan orman arazisiyle ilgili tapudaki \u015ferhin terkini davas\u0131n\u0131n bekletici sorun say\u0131lmas\u0131na ve dava zamana\u015f\u0131m\u0131n\u0131 durduran bir neden olarak kabul edilmesine olanak bulunmamaktad\u0131r. <span style=\"color: #993300;\"><em>CGK, 1.10.2002,3-177\/326<\/em><\/span><\/li>\n<\/ul>\n<ul>\n<li style=\"text-align: justify;\">Dava a\u00e7\u0131ld\u0131ktan sonra askere sevk ve terhis tarihleri aras\u0131ndaki s\u00fcrede zamana\u015f\u0131m\u0131 i\u015flemeyece\u011finden bu s\u00fcre, zamana\u015f\u0131m\u0131 s\u00fcresine eklenmelidir. <span style=\"color: #993300;\"><em>CGK , 8.2.1993,3-366\/27<\/em><\/span><\/li>\n<\/ul>\n<ul>\n<li style=\"text-align: justify;\">San\u0131\u011fa y\u00fcklenen ihmali davran\u0131\u015fla g\u00f6revi k\u00f6t\u00fcye kullanma su\u00e7unun 5237 say\u0131l\u0131 TCK NIN 257\/2 maddesinde \u00f6ng\u00f6r\u00fclen cezas\u0131n\u0131n \u00fcst s\u0131n\u0131r\u0131 itibar\u0131yla ayn\u0131 Kanunun 66\/1-e ve 67\/4 maddeleri gere\u011fince 12 y\u0131ll\u0131k asli ve ilaveli zamana\u015f\u0131m\u0131na tabi oldu\u011fu, 4483 say\u0131l\u0131 Kanun uyar\u0131nca \u00f6n inceleme olurunun verildi\u011fi tarih ile soru\u015fturma izninin kesinle\u015fti\u011fi tarihler aras\u0131nda zamana\u015f\u0131m\u0131n\u0131n durdu\u011fu ve durma s\u00fcreleri eklense dahi su\u00e7 tarihi ile inceleme g\u00fcn\u00fc aras\u0131nda bu s\u00fcrenin ge\u00e7ti\u011fi anla\u015f\u0131ld\u0131\u011f\u0131ndan <span style=\"color: #993300;\"><em>Y.5.CD.17.9.2018,1695\/5714, Y.5.CD.09.05.2018;3048\/3461<\/em><\/span><\/li>\n<\/ul>\n<ul>\n<li style=\"text-align: justify;\">Avukat olan san\u0131k hakk\u0131nda soru\u015fturma izninin talep edildi\u011fi ve soru\u015fturma izni verildi\u011fi tarihleri ile kovu\u015fturma izninin talep edildi\u011fi ve kovu\u015fturma izninin verildi\u011fi tarihleri aras\u0131nda zamana\u015f\u0131m\u0131n\u0131n durdu\u011fu g\u00f6zetilerek&#8230;<span style=\"color: #993300;\"><em>Y.11.CD.1.6.2017,2836\/4116<\/em><\/span><\/li>\n<\/ul>\n<ul>\n<li style=\"text-align: justify;\">Taksirli su\u00e7larda i\u015ftirak iradesi s\u00f6z konusu olmad\u0131\u011f\u0131ndan zamana\u015f\u0131m\u0131n\u0131n kesilmesinin sirayetinden de s\u00f6z edilmeyecektir. <span style=\"color: #993300;\"><em>CGK,24.12.2019,2016\/12-69;2019\/714<\/em><\/span><\/li>\n<\/ul>\n<ul>\n<li style=\"text-align: justify;\">Ancak kabul edilen iddianameler d\u00fczenlendi\u011fi tarihte zamana\u015f\u0131m\u0131n\u0131 keser. <span style=\"color: #993300;\"><em>CGK,16.2.2016,2014\/11-315;2016\/65<\/em><\/span><\/li>\n<\/ul>\n<div style=\"text-align: justify;\">\n<div class=\"adn ads\" data-message-id=\"#msg-a:r-9019871293301675314\" data-legacy-message-id=\"18b111d66126f5fc\">\n<div class=\"gs\">\n<div class=\"\">\n<div id=\":2bo\" class=\"ii gt\">\n<div id=\":2bn\" class=\"a3s aiL \">\n<div dir=\"auto\">\n<div dir=\"auto\" style=\"text-align: center;\"><span style=\"color: #993300;\"><strong>T.C.<\/strong><\/span><\/div>\n<div dir=\"auto\" style=\"text-align: center;\"><span style=\"color: #993300;\"><strong>YARGITAY<\/strong><\/span><\/div>\n<div dir=\"auto\" style=\"text-align: center;\"><span style=\"color: #993300;\"><strong>CEZA GENEL KURULU<\/strong><\/span><\/div>\n<div dir=\"auto\"><span style=\"color: #993300;\">Esas\u00a0 \u00a0: 2018\/188<\/span><\/div>\n<div dir=\"auto\"><span style=\"color: #993300;\">Karar : 2021\/418<\/span><\/div>\n<div dir=\"auto\"><span style=\"color: #993300;\">Tarih\u00a0 : 23.09.2021<\/span><\/div>\n<div dir=\"auto\"><\/div>\n<div dir=\"auto\">Su\u00e7un i\u015flendi\u011fi tarihten itibaren belli bir s\u00fcre ge\u00e7mesine ra\u011fmen, kamu davas\u0131n\u0131n a\u00e7\u0131lmamas\u0131 veya a\u00e7\u0131lan davan\u0131n sonu\u00e7lanmamas\u0131 yahut da kurulan h\u00fckm\u00fcn kesinle\u015fmemesi h\u00e2linde izlenen su\u00e7 siyaseti gere\u011fince art\u0131k devletin o su\u00e7tan dolay\u0131 cezaland\u0131rma yetkisinden vazge\u00e7mesinin ifadesi olarak dava zamana\u015f\u0131m\u0131 kabul edilmi\u015ftir. Dava zamana\u015f\u0131m\u0131 kanun aksini kabul etmedi\u011fi m\u00fcddet\u00e7e b\u00fct\u00fcn su\u00e7lar bak\u0131m\u0131ndan ge\u00e7erli olup soru\u015fturma ve kovu\u015fturma makamlar\u0131nca resen g\u00f6zetilip uygulanacakt\u0131r. \u015e\u00fcpheli veya san\u0131\u011f\u0131n dava zamana\u015f\u0131m\u0131ndan vazge\u00e7mesi m\u00fcmk\u00fcn de\u011fildir. <strong>Dava zamana\u015f\u0131m\u0131 kural olarak tamamlanm\u0131\u015f su\u00e7larda su\u00e7un i\u015flendi\u011fi g\u00fcnden, te\u015febb\u00fcs h\u00e2linde kalan su\u00e7larda son hareketin yap\u0131ld\u0131\u011f\u0131 g\u00fcnden, kesintisiz su\u00e7larda kesintinin ger\u00e7ekle\u015fti\u011fi ve zincirleme su\u00e7larda son su\u00e7un i\u015flendi\u011fi g\u00fcnden, \u00e7ocuklara kar\u015f\u0131 \u00fcstsoy veya bunlar \u00fczerinde h\u00fck\u00fcm ve n\u00fcfuzu olan kimseler taraf\u0131ndan i\u015flenen su\u00e7larda \u00e7ocu\u011fun on sekiz ya\u015f\u0131n\u0131 bitirdi\u011fi g\u00fcnden itibaren i\u015flemeye ba\u015flayacakt\u0131r.<\/strong> <strong>Su\u00e7un i\u015flendi\u011fi g\u00fcn zamana\u015f\u0131m\u0131 s\u00fcresinin birinci g\u00fcn\u00fcd\u00fcr<\/strong>. Zira su\u00e7un i\u015flendi\u011fi g\u00fcn dahi kamu davas\u0131n\u0131n a\u00e7\u0131lmas\u0131 m\u00fcmk\u00fcnd\u00fcr. Bu nedenle dava zamana\u015f\u0131m\u0131n\u0131n da dava a\u00e7mak hakk\u0131 mevcut oldu\u011fu andan itibaren ba\u015flamas\u0131 tabiidir. Kanun koyucu baz\u0131 h\u00e2llerde dava zamana\u015f\u0131m\u0131n\u0131n s\u00fcresinin ba\u015flang\u0131c\u0131n\u0131 \u00f6zel olarak belirlemek gere\u011fini hissetmi\u015ftir. \u00d6rne\u011fin,<strong><em> i<strong>ftira su\u00e7u<\/strong>nda ma\u011fdurun fiili i\u015flemedi\u011finin sabit oldu\u011fu, evlenme yasaklar\u0131na ayk\u0131r\u0131l\u0131k su\u00e7lar\u0131nda ise evlenmenin iptali karar\u0131n\u0131n kesinle\u015fti\u011fi tarihten itibaren dava\u00a0 i\u015flemeye ba\u015flayaca\u011f\u0131 kabul edilmi\u015ftir. (<\/em><\/strong>TCK m. 267\/8 ve 230\/4) Dava zamana\u015f\u0131m\u0131 su\u00e7un daha a\u011f\u0131r cezay\u0131 gerektiren nitelikli h\u00e2lleri de g\u00f6z \u00f6n\u00fcnde bulundurularak kanunda \u00f6ng\u00f6r\u00fclen soyut cezaya ve \u015f\u00fcpheli veya san\u0131\u011f\u0131n ya\u015f\u0131na g\u00f6re belirlenen s\u00fcrenin son g\u00fcn\u00fcn\u00fcn hitam\u0131 ile ger\u00e7ekle\u015fecektir. Zamana\u015f\u0131m\u0131 s\u00fcresinin son g\u00fcn\u00fc zamana\u015f\u0131m\u0131 s\u00fcresine d\u00e2hildir. Dava zamana\u015f\u0131m\u0131 s\u00fcresinin kesintisiz bir \u015fekilde i\u015fleyip tamamlanmas\u0131 m\u00fcmk\u00fcn ise de s\u00fcrenin i\u015flemesi s\u0131ras\u0131nda birtak\u0131m engellerle kar\u015f\u0131la\u015f\u0131lmas\u0131 da s\u00f6z konusu olabilir. Bu engeller zamana\u015f\u0131m\u0131n\u0131n kesilmesi ve durmas\u0131 h\u00e2lleridir.\u00a0Dava\u00a0 \u00a0zamana\u015f\u0131m\u0131n\u0131n kesilmesi kanunda a\u00e7\u0131k\u00e7a say\u0131lan baz\u0131 hukuki fiillerden dolay\u0131, o ana kadar i\u015flemi\u015f olan dava zamana\u015f\u0131m\u0131 s\u00fcresinin i\u015flememi\u015f say\u0131lmas\u0131n\u0131 ve dava zamana\u015f\u0131m\u0131 s\u00fcresinin yeni ba\u015ftan i\u015flemeye ba\u015flamas\u0131n\u0131 ifade etmektedir. Su\u00e7un do\u011furdu\u011fu i\u00e7timai sars\u0131nt\u0131 devam etti\u011fi m\u00fcddet\u00e7e su\u00e7lunun cezaland\u0131r\u0131lmas\u0131nda kamu faydas\u0131 oldu\u011fu esas\u0131ndan, dava canl\u0131 ve harekette iken zamana\u015f\u0131m\u0131 olmayaca\u011f\u0131, davan\u0131n canl\u0131 ve hareketli oldu\u011funu g\u00f6steren hadiselerin zamana\u015f\u0131m\u0131n\u0131 kesece\u011fi sonucu \u00e7\u0131kar\u0131lm\u0131\u015ft\u0131r <em>(Nurullah Kunter, Ceza Hukukunda Zamana\u015f\u0131m\u0131, Yay\u0131mlanmam\u0131\u015f Do\u00e7entlik Tezi, s. 92)<\/em>. Durma sebepleri gibi kesme sebeplerinin de kanunda a\u00e7\u0131k\u00e7a g\u00f6sterilmesi gerekir. 765 say\u0131l\u0131 TCK\u2019da dava zamana\u015f\u0131m\u0131n\u0131 kesen nedenler bak\u0131m\u0131ndan, dava zamana\u015f\u0131m\u0131 s\u00fcresi bir y\u0131ldan az ve fazla olan su\u00e7lar olmak \u00fczere ikili bir ayr\u0131ma gidilmi\u015f ve bu su\u00e7lar i\u00e7in birbirlerinden farkl\u0131 kesme nedenleri belirlenmi\u015f, birinci gruba giren su\u00e7larda her t\u00fcrl\u00fc usuli muamelenin dava zamana\u015f\u0131m\u0131n\u0131 kesece\u011fi kabul edilmi\u015f iken ikinci gruba giren su\u00e7larda kesme nedenleri tek tek ve s\u0131n\u0131rl\u0131 say\u0131da g\u00f6sterilmi\u015ftir. 5237 say\u0131l\u0131 TCK&#8217;da ise bu \u015fekilde bir ayr\u0131ma gidilmeksizin b\u00fct\u00fcn su\u00e7lar bak\u0131m\u0131ndan kesme nedenleri ortak olarak d\u00fczenlenmi\u015ftir. 765 say\u0131l\u0131 TCK&#8217;n\u0131n 104. maddesinde dava zamana\u015f\u0131m\u0131n\u0131n; mahk\u00fbmiyet h\u00fckm\u00fc, yakalama, tevkif, celb veya ihzar m\u00fczekkereleri, adli makamlar huzurunda san\u0131\u011f\u0131n sorguya \u00e7ekilmesi, san\u0131k hakk\u0131nda son tahkikat\u0131n a\u00e7\u0131lmas\u0131na dair karar veya Cumhuriyet savc\u0131s\u0131 taraf\u0131ndan mahkemeye yaz\u0131lan iddianame ile kesilece\u011fi \u00f6ng\u00f6r\u00fclm\u00fc\u015f, 5237 say\u0131l\u0131 TCK&#8217;n\u0131n 67\/2. maddesinde ise yakalama, celb, ihzar m\u00fczekkereleri ve san\u0131k hakk\u0131nda son tahkikat\u0131n a\u00e7\u0131lmas\u0131na dair olan karara yer verilmeyerek daha dar kapsaml\u0131 bi\u00e7imde ve kesme nedenlerinin sirayeti konusunda nesnel sistem esas al\u0131narak bir su\u00e7la ilgili olarak <strong>\u015f\u00fcpheli veya san\u0131klardan birinin savc\u0131 huzurunda ifadesinin al\u0131nmas\u0131 veya sorguya \u00e7ekilmesi, \u015f\u00fcpheli veya san\u0131klardan biri hakk\u0131nda tutuklama karar\u0131n\u0131n verilmesi, iddianame d\u00fczenlenmesi, san\u0131klardan bir k\u0131sm\u0131 hakk\u0131nda da olsa, mahk\u00fbmiyet karar\u0131 verilmesi h\u00e2linde dava zamana\u015f\u0131m\u0131n\u0131n kesilece\u011fi kabul edilmi\u015ftir.<\/strong> Dava zamana\u015f\u0131m\u0131n\u0131n durmas\u0131 ise kanunda a\u00e7\u0131k\u00e7a say\u0131lan baz\u0131 hallerde soru\u015fturma veya kamu davas\u0131n\u0131n y\u00fcr\u00fct\u00fclememesinden dolay\u0131, bu h\u00e2lin ortaya \u00e7\u0131kmas\u0131ndan, kalkmas\u0131 an\u0131na kadar ge\u00e7en s\u00fcrede i\u015flememesini ifade etmektedir. <strong>Zamana\u015f\u0131m\u0131n\u0131 durduran nedenlerin varl\u0131\u011f\u0131 h\u00e2linde, zamana\u015f\u0131m\u0131 s\u00fcresi en son kesen i\u015flemden itibaren, durdurucu nedenin ortaya \u00e7\u0131kt\u0131\u011f\u0131 ana kadar i\u015fleyecek, bu engelin kalkmas\u0131yla duran zamana\u015f\u0131m\u0131 s\u00fcresi kald\u0131\u011f\u0131 yerden i\u015flemeye ba\u015flayacakt\u0131r. Zamana\u015f\u0131m\u0131 s\u00fcresinin hesaplanmas\u0131nda ise \u00f6nceden i\u015fleyen s\u00fcre ile sonradan i\u015fleyen s\u00fcreler birbirine eklenmek suretiyle zamana\u015f\u0131m\u0131 s\u00fcresi belirlenecektir.<\/strong> Dava zamana\u015f\u0131m\u0131n\u0131n durmas\u0131n\u0131n kabul edilmesinin nedeni, su\u00e7un soru\u015fturma veya kovu\u015fturma makamlar\u0131nca takip ediliyor olmas\u0131na ra\u011fmen kanunda say\u0131lan baz\u0131 nedenlerden dolay\u0131 soru\u015fturma veya kovu\u015fturman\u0131n y\u00fcr\u00fct\u00fclmesinin m\u00fcmk\u00fcn olmamas\u0131na dayanmaktad\u0131r <em>(Faruk Erem, Ahmet Dan\u0131\u015fman, Mehmet Emin Artuk, \u00dcmanist Doktrin A\u00e7\u0131s\u0131ndan Ceza Hukuku Genel H\u00fck\u00fcmler, Se\u00e7kin Yay\u0131nevi, &#8230;, 1997, s. 1013).<\/em> Durma kabul edilmezse ortaya \u00e7\u0131kan engel h\u00e2l nedeniyle i\u015fin uzamas\u0131 sonucu davan\u0131n zamana\u015f\u0131m\u0131na u\u011framas\u0131 s\u00f6z konusu olabilecektir. Ancak davan\u0131n devam etmesini \u00f6nleyebilecek her t\u00fcrl\u00fc engel dava zamana\u015f\u0131m\u0131n\u0131n durmas\u0131n\u0131 hakl\u0131 g\u00f6stermeyece\u011finden, kanun a\u00e7\u0131k\u00e7a bu sonu\u00e7 ve etkiyi do\u011furabilecek h\u00e2lleri s\u0131n\u0131rl\u0131 bir \u015fekilde saym\u0131\u015ft\u0131r. Bu kapsamda 765 say\u0131l\u0131 TCK&#8217;n\u0131n 107. maddesinde; &#8220;Hukuku \u00e2mme d\u00e2vas\u0131n\u0131n ikamesi mezuniyet veya karar al\u0131nmas\u0131na yahut di\u011fer bir mercide halli l\u00e2z\u0131m gelen bir meselenin neticesine ba\u011fl\u0131 bulundu\u011fu takdirde mezuniyet ve karar\u0131n al\u0131nmas\u0131na yahut meselenin halline kadar m\u00fcmk\u00fcn zaman durur.&#8221;, 5237 say\u0131l\u0131 TCK&#8217;n\u0131n 67\/1. maddesinde ise; &#8220;Soru\u015fturma ve kovu\u015fturma yap\u0131lmas\u0131n\u0131n, izin veya karar al\u0131nmas\u0131 veya di\u011fer bir mercide \u00e7\u00f6z\u00fclmesi gereken bir meselenin sonucuna ba\u011fl\u0131 bulundu\u011fu h\u00e2llerde; izin veya karar\u0131n al\u0131nmas\u0131na veya meselenin \u00e7\u00f6z\u00fcm\u00fcne veya kanun gere\u011fince hakk\u0131nda ka\u00e7ak oldu\u011fu hususunda karar verilmi\u015f olan su\u00e7 faili hakk\u0131nda bu karar kald\u0131r\u0131l\u0131ncaya kadar dava zamana\u015f\u0131m\u0131 durur.&#8221; h\u00fck\u00fcmlerine yer verilmi\u015ftir. Her iki d\u00fczenleme aras\u0131ndaki fark 5237 say\u0131l\u0131 TCK&#8217;da 765 say\u0131l\u0131 TCK&#8217;daki &#8220;hukuku \u00e2mme d\u00e2vas\u0131n\u0131n ikamesi&#8221; ibaresi yerine &#8220;soru\u015fturma ve kovu\u015fturma yap\u0131lmas\u0131&#8221; ibaresinin tercih edilmesi ve yeni bir durma nedeni ihdas edilerek kanun gere\u011fince ka\u00e7ak oldu\u011fu hususunda karar verilmi\u015f olan su\u00e7 faili hakk\u0131nda bu karar kald\u0131r\u0131l\u0131ncaya kadar dava zamana\u015f\u0131m\u0131n\u0131n duraca\u011f\u0131n\u0131n kabul edilmesidir. Dava zamana\u015f\u0131m\u0131n\u0131 durduran sebepler an\u0131lan maddelerde say\u0131lanlarla s\u0131n\u0131rl\u0131 olmay\u0131p CMK&#8217;da ve \u00f6zel ceza kanunlar\u0131 ile ceza i\u00e7eren kanunlarda bu konuda h\u00fck\u00fcmler mevcuttur. Nitekim CMK&#8217;n\u0131n 231\/8. maddesinde h\u00fckm\u00fcn a\u00e7\u0131klanmas\u0131n\u0131n geri b\u0131rak\u0131lmas\u0131 karar\u0131n\u0131n verilmesi h\u00e2linde denetim s\u00fcresi i\u00e7inde dava duraca\u011f\u0131 kabul edilmi\u015ftir. Anayasa&#8217;n\u0131n 38. maddesinde dava zamana\u015f\u0131m\u0131n\u0131n kanunilik ilkesi kapsam\u0131nda oldu\u011fu benimsenmi\u015f olup dava zamana\u015f\u0131m\u0131n\u0131 durduran veya kesen nedenlerin kanunda a\u00e7\u0131k\u00e7a g\u00f6sterilmesi gerekir. <strong>Bu nedenlerin yorum veya k\u0131yas yoluyla geni\u015fletilmesi ise m\u00fcmk\u00fcn de\u011fildir.<\/strong> TCK&#8217;n\u0131n 67. maddesinin birinci f\u0131kras\u0131nda dava zamana\u015f\u0131m\u0131n\u0131 durduran nedenler, izin veya karar al\u0131nmas\u0131, bekletici sorun yahut kanun gere\u011fince ka\u00e7ak oldu\u011fu hususunda karar verilenler olarak say\u0131lm\u0131\u015ft\u0131r. Bu d\u00fczenlemeye g\u00f6re, su\u00e7un i\u015flenmesi ile ba\u015flayan dava zamana\u015f\u0131m\u0131 s\u00fcresi, izin veya karar al\u0131nmas\u0131 i\u00e7in yetkili merciye ba\u015fvuruldu\u011fu ya da bir bekletici sorunun ortaya \u00e7\u0131kt\u0131\u011f\u0131 g\u00fcnde yahut kanun gere\u011fince ka\u00e7ak oldu\u011fu hususunda karar verildi\u011finde duracak, izin veya karar\u0131n al\u0131nd\u0131\u011f\u0131 tarihte ya da bekletici sorun \u00e7\u00f6z\u00fcmlendi\u011finde yahut ka\u00e7ak oldu\u011funa karar verilenler hakk\u0131nda bu karar\u0131n kald\u0131r\u0131ld\u0131\u011f\u0131 tarihte kald\u0131\u011f\u0131 yerden i\u015flemeye devam edecektir. Bu nedenle, durma s\u00fcresinden \u00f6nce ge\u00e7mi\u015f olan s\u00fcre, durma s\u00fcresinden sonra i\u015fleyen zamana\u015f\u0131m\u0131 s\u00fcresine eklenecektir. <strong>\u00d6te yandan CMK&#8217;n\u0131n 231. maddesinin 8. f\u0131kras\u0131nda, h\u00fckm\u00fcn a\u00e7\u0131klanmas\u0131n\u0131n geri b\u0131rak\u0131lmas\u0131 karar\u0131 verilmesi h\u00e2linde san\u0131\u011f\u0131n be\u015f y\u0131l s\u00fcreyle denetime t\u00e2bi tutulaca\u011f\u0131, bu s\u00fcre i\u00e7inde bir y\u0131ldan fazla olmamak \u00fczere mahkemenin belirleyece\u011fi s\u00fcreyle denetimli serbestlik tedbiri uygulanmas\u0131na karar verilebilece\u011fi, denetim s\u00fcresi i\u00e7inde dava zamana\u015f\u0131m\u0131n\u0131n duraca\u011f\u0131; 10. f\u0131kras\u0131nda, san\u0131\u011f\u0131n denetim s\u00fcresi i\u00e7inde kasten yeni bir su\u00e7 i\u015flememesi ve denetimli serbestlik tedbirine ili\u015fkin y\u00fck\u00fcml\u00fcl\u00fcklere uygun davranmas\u0131 h\u00e2linde a\u00e7\u0131klanmas\u0131 geri b\u0131rak\u0131lan h\u00fck\u00fcm ortadan kald\u0131r\u0131larak davan\u0131n d\u00fc\u015fmesi karar\u0131 verilece\u011fi; 11. f\u0131kras\u0131nda ise denetim s\u00fcresi i\u00e7inde kasten yeni bir su\u00e7 i\u015flemesi veya denetimli serbestlik tedbirine ili\u015fkin y\u00fck\u00fcml\u00fcl\u00fcklere ayk\u0131r\u0131 davranmas\u0131 halinde mahkemece h\u00fckm\u00fcn a\u00e7\u0131klanaca\u011f\u0131 \u00f6ng\u00f6r\u00fclm\u00fc\u015f,<\/strong> denetim s\u00fcresinin hangi tarihleri kapsad\u0131\u011f\u0131, dava zamana\u015f\u0131m\u0131n\u0131n ne zaman durup ne zaman i\u015flemeye ba\u015flayaca\u011f\u0131 hususlar\u0131nda a\u00e7\u0131k bir d\u00fczenlemeye yer verilmemi\u015ftir. CMK&#8217;n\u0131n 231\/12. maddesi uyar\u0131nca h\u00fckm\u00fcn a\u00e7\u0131klanmas\u0131n\u0131n geri b\u0131rak\u0131lmas\u0131 karar\u0131na itiraz edilebilir. \u0130tiraz durumunda merci taraf\u0131ndan itiraz\u0131n kabul edilerek karar\u0131n kald\u0131r\u0131lmas\u0131 her zaman m\u00fcmk\u00fcnd\u00fcr. Bu nedenle denetim s\u00fcresinin ba\u015flayabilmesi ve denetimli serbestlik tedbiri olarak \u00f6ng\u00f6r\u00fclen y\u00fck\u00fcml\u00fcl\u00fcklerin yerine getirilmesinin istenebilmesi i\u00e7in <strong>karar\u0131n kesinle\u015fmi\u015f olmas\u0131 gerekir<\/strong>. \u0130tiraz s\u00fcrecinde dava zamana\u015f\u0131m\u0131n\u0131n durmas\u0131 gerekti\u011fine ili\u015fkin bir h\u00fck\u00fcm de bulunmad\u0131\u011f\u0131ndan, h\u00fckm\u00fcn a\u00e7\u0131klanmas\u0131n\u0131n geri b\u0131rak\u0131lmas\u0131na karar verilmesi durumunda dava , karar\u0131n itiraz edilmeksizin yahut itiraz\u0131n reddine karar verilerek kesinle\u015fti\u011fi yani uygulanma kabiliyeti kazan\u0131p <strong>denetim s\u00fcresinin ba\u015flad\u0131\u011f\u0131 tarihten itibaren durmaya ba\u015flayaca\u011f\u0131 kabul edilmelidir.<\/strong> H\u00fckm\u00fcn a\u00e7\u0131klanmas\u0131n\u0131n geri b\u0131rak\u0131lmas\u0131 karar\u0131n\u0131n kesinle\u015fmesi ile kovu\u015fturma ge\u00e7ici olarak durmakta olup ancak denetim s\u00fcresinin sonunda yahut denetim s\u00fcresi i\u00e7inde kasten yeni bir su\u00e7 i\u015flenmesi veya denetimli serbestlik tedbiri olarak \u00f6ng\u00f6r\u00fclen y\u00fck\u00fcml\u00fcl\u00fcklere ayk\u0131r\u0131 davran\u0131lmas\u0131 halinde h\u00fckm\u00fcn a\u00e7\u0131klanmas\u0131n\u0131n geri b\u0131rak\u0131lmas\u0131 karar\u0131 ortadan kald\u0131r\u0131larak h\u00fck\u00fcm kurulabilmektedir. Durma nedeni ortadan kalkt\u0131\u011f\u0131nda zamana\u015f\u0131m\u0131 s\u00fcresinin tekrar i\u015flemeye ba\u015flayaca\u011f\u0131 g\u00f6zetildi\u011finde, denetim s\u00fcresi i\u00e7inde kasten yeni bir su\u00e7 i\u015flenmedi\u011fi ve denetimli serbestlik tedbiri olarak \u00f6ng\u00f6r\u00fclen y\u00fck\u00fcml\u00fcl\u00fcklere uygun davran\u0131ld\u0131\u011f\u0131 takdirde denetim s\u00fcresi sonunda, denetim s\u00fcresi i\u00e7inde kasten yeni bir su\u00e7 i\u015flenmesi veya denetimli serbestlik tedbirine ili\u015fkin y\u00fck\u00fcml\u00fcl\u00fcklere ayk\u0131r\u0131 davran\u0131lmas\u0131 h\u00e2linde ise <strong>yeni su\u00e7un i\u015flendi\u011fi veya denetimli serbestlik tedbiri y\u00fck\u00fcml\u00fcl\u00fcklerine ayk\u0131r\u0131 davran\u0131ld\u0131\u011f\u0131 tarihte dava zamana\u015f\u0131m\u0131 s\u00fcresi yeniden i\u015flemeye ba\u015flayacakt\u0131r.<\/strong> Ancak, Anayasa&#8217;n\u0131n 38. maddesinin 4. f\u0131kras\u0131 ve \u0130nsan Haklar\u0131 Avrupa S\u00f6zle\u015fmesi&#8217;nin 6. maddesinin 2. f\u0131kras\u0131nda d\u00fczenlenmi\u015f bulunan &#8220;masumiyet karinesi&#8221; gere\u011fince denetim s\u00fcresi i\u00e7inde kasten <strong>yeni bir su\u00e7 i\u015flenmesi nedeniyle h\u00fckm\u00fcn a\u00e7\u0131klanabilmesi i\u00e7in ihbar olunan kas\u0131tl\u0131 su\u00e7la ilgili mahk\u00fbmiyet karar\u0131n\u0131n kesinle\u015fmi\u015f olmas\u0131 ayr\u0131ca g\u00f6zetilmelidir.<\/strong> Ceza Genel Kurulunun 01.03.2016 tarihli ve 599-99 say\u0131l\u0131 karar\u0131nda a\u00e7\u0131kland\u0131\u011f\u0131 \u00fczere denetim s\u00fcresi i\u00e7inde i\u015flenen su\u00e7un kesinle\u015fmesine kadar dava zamana\u015f\u0131m\u0131n\u0131n duraca\u011f\u0131na ili\u015fkin a\u00e7\u0131k bir kanun h\u00fckm\u00fc bulunmamaktad\u0131r. \u0130hbar olunan su\u00e7un kesinle\u015fmesi \u015fart\u0131n\u0131n yorum yoluyla dava zamana\u015f\u0131m\u0131n\u0131 durduran izin, karar yahut bekletici sorun olarak m\u00fctalaa edilmesi de m\u00fcmk\u00fcn de\u011fildir. Kanun koyucu h\u00fckm\u00fcn a\u00e7\u0131klanmas\u0131n\u0131n geri b\u0131rak\u0131lmas\u0131 h\u00e2linde \u00f6zel bir durma nedeni ihdas etmi\u015f ve dava zamana\u015f\u0131m\u0131n\u0131n sadece denetim s\u00fcresi i\u00e7inde duraca\u011f\u0131n\u0131 kabul etmi\u015ftir. Bu nedenle denetim s\u00fcresi i\u00e7inde i\u015flenen su\u00e7un kesinle\u015fmesine kadar ge\u00e7en s\u00fcrede h\u00fckm\u00fcn a\u00e7\u0131klanmas\u0131n\u0131n geri b\u0131rak\u0131lmas\u0131 karar\u0131na konu su\u00e7un dava i\u015flemeye devam etti\u011fi kabul edilmelidir. Bu yorum, kanun koyucunun amac\u0131na daha uygun olaca\u011f\u0131 gibi, yarg\u0131laman\u0131n uzun s\u00fcrmesi nedeniyle olu\u015facak &#8220;hukuki g\u00fcvenlik&#8221; ilkesini zedeleyici sonu\u00e7lar\u0131n bertaraf edilmesi bak\u0131m\u0131ndan da en uygun \u00e7\u00f6z\u00fcm yolu olacakt\u0131r. Di\u011fer taraftan TCK&#8217;n\u0131n 66. maddesinde; kanunda aksine bir h\u00fck\u00fcm bulunmad\u0131k\u00e7a kamu davas\u0131n\u0131n maddede yaz\u0131l\u0131 s\u00fcrelerin ge\u00e7mesiyle ortadan kalkaca\u011f\u0131 d\u00fczenlenmi\u015f, ayn\u0131 maddenin birinci f\u0131kras\u0131n\u0131n (e) bendinde be\u015f y\u0131ldan fazla olmamak \u00fczere hapis veya adli para cezas\u0131n\u0131 gerektiren su\u00e7larda bu s\u00fcrenin 8 y\u0131l olaca\u011f\u0131 h\u00fck\u00fcm alt\u0131na al\u0131nm\u0131\u015ft\u0131r. Ayn\u0131 Kanun&#8217;un 67. maddesinin 4. f\u0131kras\u0131 uyar\u0131nca kesen bir nedenin varl\u0131\u011f\u0131 h\u00e2linde zamana\u015f\u0131m\u0131 s\u00fcresi, kesilme g\u00fcn\u00fcnden itibaren yeniden i\u015flemeye ba\u015flayacak ve ilgili su\u00e7a ili\u015fkin olarak kanunda belirlenen s\u00fcrenin en fazla yar\u0131s\u0131na kadar uzayacakt\u0131r. Ceza Genel Kurulunun s\u00fcreklilik arz eden bir\u00e7ok karar\u0131nda a\u00e7\u0131k\u00e7a vurguland\u0131\u011f\u0131 \u00fczere, yarg\u0131lama yap\u0131lmas\u0131na engel olup davay\u0131 d\u00fc\u015f\u00fcren h\u00e2llerden biri olan zamana\u015f\u0131m\u0131n\u0131n yarg\u0131lama s\u0131ras\u0131nda ger\u00e7ekle\u015fmesi h\u00e2linde mahkeme ya da Yarg\u0131tay, resen zamana\u015f\u0131m\u0131 kural\u0131n\u0131 uygulayarak kamu davas\u0131n\u0131n d\u00fc\u015fmesine karar verecektir. San\u0131\u011fa at\u0131l\u0131 silahla tehdit su\u00e7unun yapt\u0131r\u0131m\u0131 TCK&#8217;n\u0131n 106\/2-a maddesi uyar\u0131nca 2 y\u0131ldan 5 y\u0131la kadar hapis cezas\u0131 olarak \u00f6ng\u00f6r\u00fclm\u00fc\u015f olup, an\u0131lan Kanun&#8217;un 66\/1-e maddesi gere\u011fince bu su\u00e7a ili\u015fkin <strong>asli dava zamana\u015f\u0131m\u0131 sekiz y\u0131l, ayn\u0131 Kanun&#8217;un 67\/4. maddesi g\u00f6z \u00f6n\u00fcne al\u0131nd\u0131\u011f\u0131nda kesintili dava zamana\u015f\u0131m\u0131 s\u00fcresi ise on iki y\u0131ld\u0131r.<\/strong> Daha a\u011f\u0131r cezay\u0131 gerektiren ba\u015fka bir su\u00e7u olu\u015fturma ihtimali bulunmayan ve 22.07.2005 tarihinde ger\u00e7ekle\u015ftirdi\u011fi iddia olunan eylemle ilgili olarak, dava zamana\u015f\u0131m\u0131 s\u00fcresinin; san\u0131k hakk\u0131nda verilen h\u00fckm\u00fcn a\u00e7\u0131klanmas\u0131n\u0131n geri b\u0131rak\u0131lmas\u0131 karar\u0131n\u0131n kesinle\u015fti\u011fi 04.11.2009 ile denetim s\u00fcresi i\u00e7erisinde kas\u0131tl\u0131 su\u00e7un i\u015flendi\u011fi 25.12.2013 tarihleri aras\u0131nda 4 y\u0131l 1 ay 21 g\u00fcn s\u00fcreyle durdu\u011fu, san\u0131\u011f\u0131n sorgusunun yap\u0131ld\u0131\u011f\u0131 06.12.2006 ile san\u0131k hakk\u0131nda mahk\u00fbmiyet kararlar\u0131n\u0131n verildi\u011fi 06.12.2006, 06.11.2014 ve 23.11.2016 tarihlerinde ise kesildi\u011fi g\u00f6zetildi\u011finde, TCK&#8217;n\u0131n 66\/1-e ve 67\/4. maddelerinde \u00f6ng\u00f6r\u00fclen on iki y\u0131ll\u0131k kesintili zamana\u015f\u0131m\u0131 s\u00fcresinin, durma s\u00fcreleri de eklendi\u011finde 13.09.2021 tarihinde doldu\u011fu anla\u015f\u0131lmaktad\u0131r.<\/div>\n<\/div>\n<\/div>\n<\/div>\n<\/div>\n<\/div>\n<\/div>\n<\/div>\n<div class=\"adL\"><\/div>\n<div>\n<div dir=\"auto\" style=\"text-align: center;\"><strong><span style=\"color: #993300;\">T.C.<\/span><\/strong><\/div>\n<div dir=\"auto\" style=\"text-align: center;\"><strong><span style=\"color: #993300;\">YARGITAY\u00a0<\/span><\/strong><\/div>\n<div dir=\"auto\" style=\"text-align: center;\"><strong><span style=\"color: #993300;\">CEZA GENEL KURULU<\/span><\/strong><\/div>\n<div dir=\"auto\"><span style=\"color: #993300;\">Esas\u00a0 \u00a0: 2019\/429<\/span><\/div>\n<div dir=\"auto\"><span style=\"color: #993300;\">Karar : 2022\/104<\/span><\/div>\n<div dir=\"auto\"><span style=\"color: #993300;\">Tarih\u00a0 : 17.02.2022<\/span><\/div>\n<div dir=\"auto\"><\/div>\n<div dir=\"auto\" style=\"text-align: justify;\">Di\u011fer taraftan TCK&#8217;n\u0131n 66. maddesinde, kanunda aksine bir h\u00fck\u00fcm bulunmad\u0131k\u00e7a kamu davas\u0131n\u0131n maddede yaz\u0131l\u0131 s\u00fcrelerin ge\u00e7mesiyle ortadan kalkaca\u011f\u0131 d\u00fczenlenmi\u015f, maddenin birinci f\u0131kras\u0131n\u0131n (e) bendinde be\u015f y\u0131ldan fazla olmamak \u00fczere hapis ya da adli para cezas\u0131n\u0131 gerektiren su\u00e7larda bu s\u00fcrenin sekiz y\u0131l olaca\u011f\u0131 h\u00fck\u00fcm alt\u0131na al\u0131nm\u0131\u015ft\u0131r. <strong>Dava zamana\u015f\u0131m\u0131 kural olarak tamamlanm\u0131\u015f su\u00e7larda su\u00e7un i\u015flendi\u011fi g\u00fcnden, te\u015febb\u00fcs h\u00e2linde kalan su\u00e7larda son hareketin yap\u0131ld\u0131\u011f\u0131 g\u00fcnden, kesintisiz su\u00e7larda kesintinin ger\u00e7ekle\u015fti\u011fi ve zincirleme su\u00e7larda son su\u00e7un i\u015flendi\u011fi g\u00fcnden, \u00e7ocuklara kar\u015f\u0131 \u00fcstsoy veya bunlar \u00fczerinde h\u00fck\u00fcm ve n\u00fcfuzu olan kimseler taraf\u0131ndan i\u015flenen su\u00e7larda \u00e7ocu\u011fun on sekiz ya\u015f\u0131n\u0131 bitirdi\u011fi g\u00fcnden itibaren i\u015flemeye ba\u015flayacakt\u0131r. Su\u00e7un i\u015flendi\u011fi g\u00fcn zamana\u015f\u0131m\u0131 s\u00fcresinin birinci g\u00fcn\u00fcd\u00fcr.<\/strong> Zira su\u00e7un i\u015flendi\u011fi g\u00fcn dahi kamu davas\u0131n\u0131n a\u00e7\u0131lmas\u0131 m\u00fcmk\u00fcnd\u00fcr. Bu nedenle dava zamana\u015f\u0131m\u0131n\u0131n da dava a\u00e7mak hakk\u0131 mevcut oldu\u011fu andan itibaren ba\u015flamas\u0131 tabiidir. Kanun koyucu baz\u0131 hallerde dava zamana\u015f\u0131m\u0131n\u0131n s\u00fcresinin ba\u015flang\u0131c\u0131n\u0131 \u00f6zel olarak belirlemek gere\u011fini hissetmi\u015ftir. \u00d6rne\u011fin, iftira su\u00e7unda ma\u011fdurun fiili i\u015flemedi\u011finin sabit oldu\u011fu, evlenme yasaklar\u0131na ayk\u0131r\u0131l\u0131k su\u00e7lar\u0131nda ise evlenmenin iptali karar\u0131n\u0131n kesinle\u015fti\u011fi tarihten itibaren dava i\u015flemeye ba\u015flayaca\u011f\u0131 kabul edilmi\u015ftir (TCK m. 267\/8 ve 230\/4.). <strong>Dava zamana\u015f\u0131m\u0131 su\u00e7un daha a\u011f\u0131r cezay\u0131 gerektiren nitelikli h\u00e2lleri de g\u00f6z \u00f6n\u00fcnde bulundurularak kanunda \u00f6ng\u00f6r\u00fclen soyut cezas\u0131 ve \u015f\u00fcpheli veya san\u0131\u011f\u0131n ya\u015f\u0131na g\u00f6re belirlenen s\u00fcrenin son g\u00fcn\u00fcn hitam\u0131 ile ger\u00e7ekle\u015fecektir. Zamana\u015f\u0131m\u0131 s\u00fcresinin son g\u00fcn\u00fc zamana\u015f\u0131m\u0131 s\u00fcresine d\u00e2hildir.<\/strong> Dava zamana\u015f\u0131m\u0131 s\u00fcresinin kesintisiz bir \u015fekilde i\u015fleyip tamamlanmas\u0131 m\u00fcmk\u00fcn ise de s\u00fcrenin i\u015flemesi s\u0131ras\u0131nda bir tak\u0131m engellerle kar\u015f\u0131la\u015f\u0131lmas\u0131 da s\u00f6z konusu olabilir. Bu engeller zamana\u015f\u0131m\u0131n\u0131n kesilmesi durmas\u0131 ve halleridir. Dava zamana\u015f\u0131m\u0131n\u0131n durmas\u0131, kanunda a\u00e7\u0131k\u00e7a say\u0131lan baz\u0131 h\u00e2llerde soru\u015fturma veya kamu davas\u0131n\u0131n y\u00fcr\u00fct\u00fclememesinden dolay\u0131, bu h\u00e2lin ortaya \u00e7\u0131kmas\u0131ndan, kalkmas\u0131 an\u0131na kadar ge\u00e7en s\u00fcrede i\u015flememesini ifade etmektedir. Zamana\u015f\u0131m\u0131n\u0131 durduran nedenlerin varl\u0131\u011f\u0131 h\u00e2linde, zamana\u015f\u0131m\u0131 s\u00fcresi en son kesen i\u015flemden itibaren, durdurucu nedenin ortaya \u00e7\u0131kt\u0131\u011f\u0131 ana kadar i\u015fleyecek, bu engelin kalkmas\u0131yla duran zamana\u015f\u0131m\u0131 s\u00fcresi kald\u0131\u011f\u0131 yerden i\u015flemeye ba\u015flayacakt\u0131r. Zamana\u015f\u0131m\u0131 s\u00fcresinin hesaplanmas\u0131nda ise \u00f6nceden i\u015fleyen s\u00fcre ile sonradan i\u015fleyen s\u00fcreler birbirine eklenmek suretiyle zamana\u015f\u0131m\u0131 s\u00fcresi belirlenecektir. Dava zamana\u015f\u0131m\u0131n\u0131n durmas\u0131n\u0131n kabul edilmesinin nedeni, su\u00e7un soru\u015fturma veya kovu\u015fturma makamlar\u0131nca takip ediliyor olmas\u0131na ra\u011fmen kanunda say\u0131lan baz\u0131 engel nedenlerden dolay\u0131 soru\u015fturma veya kovu\u015fturman\u0131n y\u00fcr\u00fct\u00fclmesinin m\u00fcmk\u00fcn olmamas\u0131na dayanmaktad\u0131r <em>(Faruk Erem, &#8230; Dan\u0131\u015fman, &#8230; Emin Artuk, \u00dcmanist Doktrin A\u00e7\u0131s\u0131ndan Ceza Hukuku Genel H\u00fck\u00fcmler, Se\u00e7kin Yay\u0131nevi, &#8230;, 1997, s. 1013.).<\/em> Durma kabul edilmezse ortaya \u00e7\u0131kan engel h\u00e2l nedeniyle i\u015fin uzamas\u0131 sonucu davan\u0131n zamana\u015f\u0131m\u0131na u\u011framas\u0131 s\u00f6z konusu olabilecektir. Ancak davan\u0131n devam etmesini \u00f6nleyebilecek her t\u00fcrl\u00fc engel dava zamana\u015f\u0131m\u0131n\u0131n durdurmas\u0131n\u0131 hakl\u0131 g\u00f6stermeyece\u011finden, kanun a\u00e7\u0131k\u00e7a bu sonu\u00e7 ve etkiyi do\u011furabilecek h\u00e2lleri s\u0131n\u0131rl\u0131 bir \u015fekilde saym\u0131\u015ft\u0131r. Bu kapsamda 765 say\u0131l\u0131 TCK&#8217;n\u0131n 107. maddesinde; &#8220;Hukuku \u00e2mme d\u00e2vas\u0131n\u0131n ikamesi mezuniyet veya karar al\u0131nmas\u0131na yahut di\u011fer bir mercide halli l\u00e2z\u0131m gelen bir meselenin neticesine ba\u011fl\u0131 bulundu\u011fu takdirde mezuniyet ve karar\u0131n al\u0131nmas\u0131na yahut meselenin halline kadar m\u00fcmk\u00fcn zaman durur.&#8221;, 5237 say\u0131l\u0131 TCK&#8217;n\u0131n 66\/1. maddesinde ise &#8220;Soru\u015fturma ve kovu\u015fturma yap\u0131lmas\u0131n\u0131n, izin veya karar al\u0131nmas\u0131 veya di\u011fer bir mercide \u00e7\u00f6z\u00fclmesi gereken bir meselenin sonucuna ba\u011fl\u0131 bulundu\u011fu h\u00e2llerde; izin veya karar\u0131n al\u0131nmas\u0131na veya meselenin \u00e7\u00f6z\u00fcm\u00fcne veya kanun gere\u011fince hakk\u0131nda ka\u00e7ak oldu\u011fu hususunda karar verilmi\u015f olan su\u00e7 faili hakk\u0131nda bu karar kald\u0131r\u0131l\u0131ncaya kadar dava zamana\u015f\u0131m\u0131 durur.&#8221; h\u00fck\u00fcmlerine yer verilmi\u015ftir. Her iki d\u00fczenleme aras\u0131ndaki fark 5237 say\u0131l\u0131 TCK&#8217;da, 765 say\u0131l\u0131 TCK&#8217;daki &#8220;hukuku \u00e2mme d\u00e2vas\u0131n\u0131n ikamesi&#8221; ibaresi yerine &#8220;soru\u015fturma ve kovu\u015fturma yap\u0131lmas\u0131&#8221; ibaresinin tercih edilmesi ve yeni bir durma nedeni ihdas edilerek kanun gere\u011fince hakk\u0131nda ka\u00e7ak oldu\u011fu hususunda karar verilmi\u015f olan su\u00e7 faili hakk\u0131nda bu karar kald\u0131r\u0131l\u0131ncaya kadar dava zamana\u015f\u0131m\u0131 duraca\u011f\u0131n\u0131n kabul edilmesidir. Dava zamana\u015f\u0131m\u0131n\u0131 durduran sebepler an\u0131lan maddelerde say\u0131lanlarla s\u0131n\u0131rl\u0131 olmay\u0131p Ceza Muhakemesi Kanunu&#8217;nda ve \u00f6zel ceza kanunlar\u0131 ile ceza i\u00e7eren kanunlarda bu konuda h\u00fck\u00fcmler mevcuttur. Dava zamana\u015f\u0131m\u0131n\u0131n kesilmesi ise kanunda a\u00e7\u0131k\u00e7a say\u0131lan baz\u0131 hukuki fiillerden dolay\u0131, o ana kadar i\u015flemi\u015f olan dava zamana\u015f\u0131m\u0131 s\u00fcresinin i\u015flememi\u015f say\u0131lmas\u0131n\u0131 ve dava zamana\u015f\u0131m\u0131 s\u00fcresinin yeni ba\u015ftan i\u015flemeye ba\u015flamas\u0131n\u0131 ifade etmektedir. Su\u00e7un do\u011furdu\u011fu i\u00e7timai sars\u0131nt\u0131 devam etti\u011fi m\u00fcddet\u00e7e su\u00e7lunun cezaland\u0131r\u0131lmas\u0131nda kamu faydas\u0131 oldu\u011fu esas\u0131ndan, dava canl\u0131 ve harekette iken zamana\u015f\u0131m\u0131 olmayaca\u011f\u0131, davan\u0131n canl\u0131 ve hareketli oldu\u011funu g\u00f6steren hadiselerin zamana\u015f\u0131m\u0131n\u0131 kesece\u011fi sonucu \u00e7\u0131kar\u0131lm\u0131\u015ft\u0131r <em>(Nurullah Kunter, Ceza Hukukunda Zamana\u015f\u0131m\u0131, Yay\u0131mlanmam\u0131\u015f Do\u00e7entlik Tezi, s. 92.).<\/em> Durma sebepleri gibi kesme sebeplerinin de kanunda a\u00e7\u0131k\u00e7a g\u00f6sterilmesi gerekir. 765 say\u0131l\u0131 TCK&#8217;da dava zamana\u015f\u0131m\u0131n\u0131 kesen nedenler bak\u0131m\u0131ndan, dava zamana\u015f\u0131m\u0131 s\u00fcresi bir y\u0131ldan az ve fazla olan su\u00e7lar olmak \u00fczere ikili bir ayr\u0131ma gidilmi\u015f ve bu su\u00e7lar i\u00e7in birbirlerinden farkl\u0131 kesme nedenleri belirlenmi\u015f, birinci gruba giren su\u00e7larda her t\u00fcrl\u00fc usuli muamelenin dava zamana\u015f\u0131m\u0131n\u0131 kesece\u011fi kabul edilmi\u015f iken ikinci gruba giren su\u00e7larda kesme nedenleri tek tek ve s\u0131n\u0131rl\u0131 say\u0131da g\u00f6sterilmi\u015ftir. 5237 say\u0131l\u0131 TCK&#8217;da ise bu \u015fekilde bir ayr\u0131ma gidilmeksizin b\u00fct\u00fcn su\u00e7lar bak\u0131m\u0131ndan kesme nedenleri ortak olarak d\u00fczenlenmi\u015ftir. 765 say\u0131l\u0131 TCK&#8217;n\u0131n 104. maddesinde dava zamana\u015f\u0131m\u0131n\u0131n mahk\u00fbmiyet h\u00fckm\u00fc, yakalama, tevkif, celb veya ihzar m\u00fczekkereleri, adli makamlar huzurunda san\u0131\u011f\u0131n sorguya \u00e7ekilmesi, san\u0131k hakk\u0131nda son tahkikat\u0131n a\u00e7\u0131lmas\u0131na dair karar veya Cumhuriyet savc\u0131s\u0131 taraf\u0131ndan mahkemeye yaz\u0131lan iddianame ile kesilece\u011fi \u00f6ng\u00f6r\u00fclm\u00fc\u015f, 5237 say\u0131l\u0131 TCK&#8217;n\u0131n 67\/2. maddesinde ise yakalama, celb, ihzar m\u00fczekkereleri ve san\u0131k hakk\u0131nda son tahkikat\u0131n a\u00e7\u0131lmas\u0131na dair olan karara yer verilmeyerek daha dar kapsaml\u0131 bi\u00e7imde ve kesme nedenlerinin sirayeti konusunda nesnel sistem esas al\u0131narak <strong>bir su\u00e7la ilgili olarak \u015f\u00fcpheli veya san\u0131klardan birinin savc\u0131 huzurunda ifadesinin al\u0131nmas\u0131 veya sorguya \u00e7ekilmesi, \u015f\u00fcpheli veya san\u0131klardan biri hakk\u0131nda tutuklama karar\u0131n\u0131n verilmesi, iddianame d\u00fczenlenmesi, san\u0131klardan bir k\u0131sm\u0131 hakk\u0131nda da olsa, mahk\u00fbmiyet karar\u0131 verilmesi h\u00e2linde dava zamana\u015f\u0131m\u0131n\u0131n kesilece\u011fi kabul edilmi\u015ftir.<\/strong> Ayn\u0131 maddenin \u00fc\u00e7\u00fcnc\u00fc f\u0131kras\u0131 gere\u011fince kesen bir nedenin bulunmas\u0131 h\u00e2linde zamana\u015f\u0131m\u0131, kesilme g\u00fcn\u00fcnden itibaren yeniden i\u015flemeye ba\u015flayacak, <strong>dava zamana\u015f\u0131m\u0131n\u0131 kesen birden fazla nedenin bulunmas\u0131 h\u00e2linde ise son kesme nedeninin ger\u00e7ekle\u015fti\u011fi tarih esas al\u0131nacak, d\u00f6rd\u00fcnc\u00fc f\u0131kras\u0131 uyar\u0131nca da kesilme h\u00e2linde, zamana\u015f\u0131m\u0131 s\u00fcresi ilgili su\u00e7a ili\u015fkin olarak kanunda belirlenen s\u00fcrenin en fazla yar\u0131s\u0131na kadar uzayacakt\u0131r.<\/strong> Anayasa&#8217;n\u0131n 38. maddesinde dava zamana\u015f\u0131m\u0131n\u0131n kanunilik ilkesi kapsam\u0131nda oldu\u011fu benimsenmi\u015f olup dava zamana\u015f\u0131m\u0131n\u0131 durduran veya kesen nedenlerin kanunda a\u00e7\u0131k\u00e7a g\u00f6sterilmesi gerekir, <strong>bu nedenlerin yorum veya k\u0131yas yoluyla geni\u015fletilmesi m\u00fcmk\u00fcn de\u011fildir<\/strong>. \u00d6te yandan Ceza Genel Kurulunun s\u00fcreklilik g\u00f6steren bir\u00e7ok karar\u0131nda a\u00e7\u0131k\u00e7a vurguland\u0131\u011f\u0131 \u00fczere, yarg\u0131lama yap\u0131lmas\u0131na engel olup davay\u0131 d\u00fc\u015f\u00fcren h\u00e2llerden biri olan yarg\u0131lama s\u0131ras\u0131nda ger\u00e7ekle\u015fmesi h\u00e2linde, mahkeme ya da Yarg\u0131tay, Resen zamana\u015f\u0131m\u0131 kural\u0131n\u0131 uygulayarak kamu davas\u0131n\u0131n d\u00fc\u015fmesine karar verecektir.<\/div>\n<div dir=\"auto\" style=\"text-align: justify;\">\n<div class=\"yj6qo\">\n<div dir=\"auto\"><\/div>\n<div dir=\"auto\" style=\"text-align: center;\"><strong><span style=\"color: #993300;\">T.C.<\/span><\/strong><\/div>\n<div dir=\"auto\" style=\"text-align: center;\"><strong><span style=\"color: #993300;\">YARGITAY\u00a0<\/span><\/strong><\/div>\n<div dir=\"auto\" style=\"text-align: center;\"><strong><span style=\"color: #993300;\">CEZA GENEL KURULU<\/span><\/strong><\/div>\n<div dir=\"auto\"><span style=\"color: #993300;\">Esas\u00a0 \u00a0: 2022\/331<\/span><\/div>\n<div dir=\"auto\"><span style=\"color: #993300;\">Karar : 2023\/282<\/span><\/div>\n<div dir=\"auto\"><span style=\"color: #993300;\">Tarih\u00a0 : 17.05.2023<\/span><\/div>\n<div dir=\"auto\"><\/div>\n<div dir=\"auto\">Dava zamana\u015f\u0131m\u0131n\u0131 kesen nedenlerin ayn\u0131 su\u00e7a kat\u0131lanlar\u0131 ne \u015fekilde etkileyece\u011fi konusunda iki sistem mevcuttur. Bunlardan birincisi, Almanya, Avusturya, \u0130svi\u00e7re ve Arjantin Ceza Kanunlar\u0131nda da kabul edilen yarg\u0131lanan san\u0131\u011f\u0131 esas alan ve di\u011fer san\u0131klar\u0131 soyutlayan \u00f6znel sistem (kesilmenin \u015fahsili\u011fi) olarak nitelendirilen sistemdir. Nesnel sistem olarak adland\u0131r\u0131lan ve fiili esas alan ikinci sistem ise \u0130talya, Brezilya ve Fransa Ceza Kanunlar\u0131nda kabul edilen ve sadece san\u0131\u011f\u0131 de\u011fil, kat\u0131lma dereceleri ne olursa olsun olaya kat\u0131lan t\u00fcm san\u0131klar\u0131 hatta haklar\u0131nda kovu\u015fturmaya ba\u015flanmam\u0131\u015f olanlar\u0131 dahi nazara almaktad\u0131r. Dava zamana\u015f\u0131m\u0131n\u0131 kesen nedenler TCK&#8217;n\u0131n 67. maddesinin ikinci f\u0131kras\u0131nda, bir su\u00e7la ilgili olarak; \u015f\u00fcpheli veya san\u0131klardan birinin Cumhuriyet savc\u0131s\u0131 huzurunda ifadesinin al\u0131nmas\u0131 veya sorguya \u00e7ekilmesi, \u015f\u00fcpheli veya san\u0131klardan biri hakk\u0131nda tutuklama karar\u0131n\u0131n verilmesi, su\u00e7la ilgili olarak iddianame d\u00fczenlenmesi ve san\u0131klardan bir k\u0131sm\u0131 hakk\u0131nda da olsa, mahk\u00fbmiyet karar\u0131 verilmesi olarak belirtilmi\u015ftir. Dava zamana\u015f\u0131m\u0131n\u0131n kesilme nedenleri say\u0131l\u0131rken madde metninde kullan\u0131lan <strong>&#8220;\u015f\u00fcpheli veya san\u0131klardan birinin&#8221;, &#8220;\u015f\u00fcpheli veya san\u0131klardan biri hakk\u0131nda&#8221;, &#8220;san\u0131klardan bir k\u0131sm\u0131 hakk\u0131nda da olsa&#8221; ibarelerinden dolay\u0131 5237 say\u0131l\u0131 TCK&#8217;da dava sirayeti ilkesinin benimsendi\u011fi ve \u00f6znel kriter d\u0131\u015flanarak nesnel kriter esas al\u0131nd\u0131\u011f\u0131 i\u00e7in su\u00e7 tarihinden itibaren dava zamana\u015f\u0131m\u0131n\u0131n fail baz\u0131nda de\u011fil de fiile ba\u011fl\u0131 olarak ortak hesaplanmas\u0131 gerekti\u011fi anla\u015f\u0131lmaktad\u0131r.<\/strong> <strong>Bu nedenle i\u015ftirak h\u00e2linde bir su\u00e7 i\u015flendi\u011fi takdirde \u015feriklerden biri hakk\u0131nda dava zamana\u015f\u0131m\u0131n\u0131 kesen i\u015flemler yap\u0131lm\u0131\u015f ise haklar\u0131nda madde metninde say\u0131lan i\u015flemler yap\u0131lm\u0131\u015f veya yap\u0131lmam\u0131\u015f olan \u015ferikler hakk\u0131nda da dava zamana\u015f\u0131m\u0131 s\u00fcresi kesilmi\u015f olacakt\u0131r<\/strong>. Yarg\u0131tay Ceza Genel Kurulunun 20.03.2012 tarihli ve 241-114 say\u0131l\u0131 karar\u0131 ile 31.01.2012 tarihli ve 243-7 say\u0131l\u0131 karar\u0131nda, 5237 say\u0131l\u0131 TCK&#8217;da dava sirayeti konusunda fiile ba\u011fl\u0131l\u0131\u011f\u0131 esas alan nesnel \u00f6l\u00e7\u00fct\u00fcn kabul edildi\u011fi, <em><strong>i\u015ftirak h\u00e2linde su\u00e7 i\u015fleyen san\u0131klardan bir k\u0131sm\u0131 hakk\u0131nda verilen mahk\u00fbmiyet karar\u0131n\u0131n t\u00fcm san\u0131klar i\u00e7in dava zamana\u015f\u0131m\u0131n\u0131 kesece\u011fi vurgulanm\u0131\u015ft\u0131r<\/strong><\/em>. Nitekim \u00f6\u011fretide de TCK&#8217;n\u0131n 67. maddesinin ikinci f\u0131kras\u0131ndaki d\u00fczenleme ile ilgili olarak; bir \u015f\u00fcpheli veya san\u0131k hakk\u0131ndaki ifade alma veya sorgunun di\u011fer san\u0131k veya \u015f\u00fcpheliler bak\u0131m\u0131ndan da zamana\u015f\u0131m\u0131n\u0131 kesece\u011fi <em>(&#8230; Emin Artuk &#8211; Ahmet G\u00f6kcen, Ceza Hukuku Genel H\u00fck\u00fcmler, 11. bas\u0131, Ankara, 2017, s.984-986.)<\/em>, yeni TCK&#8217;n\u0131n sisteminde, dava zamana\u015f\u0131m\u0131 s\u00fcresinin kesilmesinde nesnel \u00f6l\u00e7\u00fct\u00fcn esas al\u0131nd\u0131\u011f\u0131, ba\u015fka bir deyi\u015fle, kesme sebebinin varl\u0131\u011f\u0131 h\u00e2linde, dava zamana\u015f\u0131m\u0131n\u0131n su\u00e7la ilgili olarak kesildi\u011fini kabul etmek ve fakat bunu ilgili su\u00e7 orta\u011f\u0131na \u00f6zg\u00fc kesilme olarak m\u00fctalaa etmemek gerekti\u011fi <em>(\u0130zzet \u00d6zgen\u00e7, T\u00fcrk Ceza Hukuku Genel H\u00fck\u00fcmler, 11. bas\u0131, Ankara 2015, s. 887-890.)<\/em>, <strong>e\u011fer bir su\u00e7ta birden fazla ki\u015fi \u00e7e\u015fitli sebeplerle \u015f\u00fcpheli veya san\u0131k durumunda iseler Kanun&#8217;un ifadesine g\u00f6re bunlardan birinin ifadesinin al\u0131nmas\u0131 veya sorgulanmas\u0131n\u0131n san\u0131klar\u0131n tamam\u0131 bak\u0131m\u0131ndan zamana\u015f\u0131m\u0131n\u0131 kesece\u011fi<\/strong> <em>(Mahmut Koca-\u0130lhan \u00dcz\u00fclmez, T\u00fcrk Ceza Hukuku Genel H\u00fck\u00fcmler, 10. bas\u0131, Ankara 2017, s.718-721.)<\/em>, kesilmesinin su\u00e7u i\u015fledi\u011fi iddia olunan ki\u015fiye ya da ki\u015filere ili\u015fkin olmay\u0131p aksine su\u00e7 konusu fiile ili\u015fkin oldu\u011fu, zamana\u015f\u0131m\u0131n\u0131 kesen sebeplerin bir su\u00e7 sebebiyle ortaya \u00e7\u0131kt\u0131\u011f\u0131, bahse konu su\u00e7u olu\u015fturan fiilin objektif olarak \u015ferikler aras\u0131ndaki ba\u011f\u0131 ifade etti\u011fi, bu ba\u011f\u0131n su\u00e7a i\u015ftirak eden ki\u015filerden kaynaklanmay\u0131p aksine ortak katk\u0131da bulunulan fiilin \u00e7er\u00e7evesinde h\u00fck\u00fcm ifade etti\u011fi, dolay\u0131s\u0131yla objektif bu ba\u011f kapsam\u0131nda meydana gelen ve dava zamana\u015f\u0131m\u0131n\u0131 kesen nedenlerin, ki\u015filerden ba\u011f\u0131ms\u0131z olarak hukuki sonu\u00e7 do\u011furaca\u011f\u0131 ve fiil nedeniyle birle\u015fen t\u00fcm \u015ferikler hakk\u0131nda da ge\u00e7erli olaca\u011f\u0131 <em>(Veli \u00d6zer \u00d6zbek\/Koray Do\u011fan\/P\u0131nar Bacaks\u0131z\/\u0130lker Tepe, T\u00fcrk Ceza Hukuku Genel H\u00fck\u00fcmler, 8. bas\u0131, Ankara 2017, s. 728.),<\/em> su\u00e7 i\u015ftirak h\u00e2linde i\u015flenmi\u015fse, bir san\u0131k hakk\u0131nda dava zamana\u015f\u0131m\u0131n\u0131 kesen nedenin t\u00fcm san\u0131klar\u0131 etkileyece\u011fi,<strong> b\u00f6ylece, \u015f\u00fcpheli veya san\u0131klardan birinin, ifadesinin al\u0131nmas\u0131 veya sorguya \u00e7ekilmesi, hakk\u0131nda tutuklama karar\u0131 verilmesi, onunla ilgili iddianamenin d\u00fczenlenmesi, mahk\u00fbmiyet karar\u0131 verilmesi h\u00e2linde, haklar\u0131nda soru\u015fturma yap\u0131lm\u0131\u015f veya yap\u0131lmam\u0131\u015f t\u00fcm su\u00e7 ortaklar\u0131 ile ilgili dava zamana\u015f\u0131m\u0131n\u0131n kesilece\u011fi<\/strong> <em>(Kay\u0131han \u0130\u00e7el, Ceza Hukuku Genel H\u00fck\u00fcmler, 4. bas\u0131, \u0130stanbul 2017, s. 790-794.),<\/em> <strong>i\u015ftirak h\u00e2linde i\u015flenen su\u00e7larda ortaklardan biri i\u00e7in dava kesilmesinin di\u011fer ortaklar\u0131 da etkileyece\u011fi, yani onlar i\u00e7in de dava zamana\u015f\u0131m\u0131 s\u00fcresinin kesilece\u011fi<\/strong> <em>(Berrin Akbulut, Ceza Hukuku Genel H\u00fck\u00fcmler, 4. bas\u0131, Ankara 2017, s. 917.)<\/em>, d\u00fczenlemenin lafz\u0131na ve ruhuna g\u00f6re <em><strong>ortaklardan birinin ifadesinin al\u0131nmas\u0131, tutuklama karar\u0131 verilmesi, mahk\u00fbmiyet h\u00fckm\u00fc kurulmas\u0131 durumunda o ortakla, o su\u00e7u i\u015ftir\u00e2k h\u00e2linde i\u015fleyen \u015f\u00fcpheliler veya san\u0131klar hakk\u0131nda da zamana\u015f\u0131m\u0131 s\u00fcresinin kesilece\u011fi<\/strong><\/em>, kanun koyucunun, sirayet ihtimalini d\u00fc\u015f\u00fcnmese bu ibareleri kanuna koymayaca\u011f\u0131 (<em>&#8230; Ya\u015far &#8211; Hasan Tahsin G\u00f6kcan &#8211; Mustafa Artu\u00e7, T\u00fcrk Ceza Kanunu, 1. bas\u0131, Ankara, 2010, 2. cilt, s.2270-2271.)<\/em> \u015feklinde g\u00f6r\u00fc\u015flere yer verilmi\u015ftir. 5237 say\u0131l\u0131 TCK&#8217;da dava zamana\u015f\u0131m\u0131n\u0131n sirayeti konusunda fiile ba\u011fl\u0131l\u0131\u011f\u0131 esas alan nesnel \u00f6l\u00e7\u00fct\u00fcn kabul edildi\u011fi, zamana\u015f\u0131m\u0131n\u0131n kesilmesinin su\u00e7u i\u015fledi\u011fi iddia olunan <strong>ki\u015fiye ya da ki\u015filere ili\u015fkin olmay\u0131p aksine su\u00e7 konusu fiile ili\u015fkin oldu\u011fu,<\/strong> bahse konu su\u00e7u olu\u015fturan fiilin objektif olarak \u015ferikler aras\u0131ndaki ba\u011f\u0131 ifade etti\u011fi, bu ba\u011f\u0131n su\u00e7a i\u015ftirak eden ki\u015filerden kaynaklanmay\u0131p aksine ortak katk\u0131da bulunulan fiilin \u00e7er\u00e7evesinde h\u00fck\u00fcm ifade etti\u011fi, dolay\u0131s\u0131yla bu objektif ba\u011f kapsam\u0131nda meydana gelen ve dava zamana\u015f\u0131m\u0131n\u0131 kesen nedenlerin, ki\u015filerden ba\u011f\u0131ms\u0131z olarak hukuki sonu\u00e7 do\u011furaca\u011f\u0131 ve fiil nedeniyle birle\u015fen t\u00fcm \u015ferikler hakk\u0131nda da ge\u00e7erli olaca\u011f\u0131 anla\u015f\u0131ld\u0131\u011f\u0131ndan i\u015ftirak h\u00e2linde i\u015flenen su\u00e7larda, ortaklardan birisinin savunmas\u0131n\u0131n al\u0131nmas\u0131n\u0131n ya da mahk\u00fbmiyetine karar verilmesinin dava y\u00f6n\u00fcnden di\u011fer ortaklar\u0131 da etkileyece\u011finin kabul edilmesinde zorunluluk bulunmaktad\u0131r. Yarg\u0131tay Ceza Genel Kurulunun 14.05.2019 tarihli ve 147-428 say\u0131l\u0131 karar\u0131nda da benzer gerek\u00e7elerle ayn\u0131 sonuca ula\u015f\u0131lm\u0131\u015ft\u0131r. San\u0131k ve inceleme d\u0131\u015f\u0131 san\u0131\u011f\u0131n 5607 say\u0131l\u0131 Kanun&#8217;un 3\/4 maddesinde tan\u0131mlanan &#8220;Belli bir ama\u00e7 i\u00e7in kullan\u0131lmak veya i\u015flenmek \u00fczere \u00fclkeye ge\u00e7ici ithalat ve dahilde i\u015fleme rejimi \u00e7er\u00e7evesinde getirilen e\u015fyay\u0131, sahte belgelerle yurt d\u0131\u015f\u0131na \u00e7\u0131karm\u0131\u015f gibi i\u015flem yapma&#8221; ve TCK&#8217;n\u0131n 204\/1. maddesinde d\u00fczenlenen resm\u00ee belgede sahtecilik su\u00e7lar\u0131n\u0131n gerektirdi\u011fi cezalar\u0131n t\u00fcr\u00fc ve \u00fcst s\u0131n\u0131rlar\u0131na g\u00f6re davan\u0131n 5237 say\u0131l\u0131 TCK&#8217;n\u0131n 66\/1-e ve 67. maddelerinde \u00f6ng\u00f6r\u00fclen 8 y\u0131ll\u0131k ola\u011fan, 12 y\u0131ll\u0131k ola\u011fan\u00fcst\u00fc zamana\u015f\u0131m\u0131 s\u00fcresine tabi bulundu\u011fu, san\u0131\u011f\u0131n 15.06.2010, inceleme d\u0131\u015f\u0131 san\u0131\u011f\u0131n ise 25.06.2010 tarihinde savunmas\u0131n\u0131n al\u0131nd\u0131\u011f\u0131 ve 07.11.2013 tarihinde <strong>at\u0131l\u0131 su\u00e7lardan san\u0131k hakk\u0131nda beraat h\u00fck\u00fcmleri kurulurken, inceleme d\u0131\u015f\u0131 san\u0131k hakk\u0131nda ayr\u0131 ayr\u0131 mahk\u00fbmiyet h\u00fck\u00fcmleri kuruldu\u011fu hususlar\u0131 dikkate al\u0131nd\u0131\u011f\u0131nda, s<\/strong>an\u0131k hakk\u0131nda \u00d6zel Dairenin bozma karar\u0131ndan sonra Yerel Mahkemece 20.04.2021 tarih ve 160-124 say\u0131 ile verilen mahk\u00fbmiyet h\u00fck\u00fcmlerine kadar zamana\u015f\u0131m\u0131 s\u00fcrelerini son kesen sebebin 07.11.2013 tarihindeki inceleme d\u0131\u015f\u0131 san\u0131\u011f\u0131n at\u0131l\u0131 su\u00e7lardan mahk\u00fbmiyetine ili\u015fkin h\u00fck\u00fcmler oldu\u011fu, 07.11.2013 tarihinden sonra san\u0131k hakk\u0131nda verilen 20.04.2021 tarihli mahk\u00fbmiyet h\u00fck\u00fcmlerine kadar 8 y\u0131ll\u0131k ola\u011fan dava zamana\u015f\u0131m\u0131n\u0131n ger\u00e7ekle\u015fmedi\u011fi sonucuna var\u0131lm\u0131\u015ft\u0131r.<\/div>\n<\/div>\n<\/div>\n<\/div>\n","protected":false},"excerpt":{"rendered":"<p>YARGITAY \u0130\u00c7T\u0130HATLARI : T.C. YARGITAY\u00a0 CEZA GENEL KURULU Esas: 2021\/398 Karar: 2023\/66 Tarih: 08.02.2023 5237 say\u0131l\u0131 TCK&#8217;n\u0131n 66. maddesinde; Kanun&#8217;da aksine bir h\u00fck\u00fcm bulunmad\u0131k\u00e7a kamu davas\u0131n\u0131n<span class=\"excerpt-hellip\"> [\u2026]<\/span><\/p>\n","protected":false},"author":2,"featured_media":131,"comment_status":"open","ping_status":"closed","sticky":false,"template":"","format":"standard","meta":{"_joinchat":[],"footnotes":""},"categories":[1,24],"tags":[],"class_list":["post-4888","post","type-post","status-publish","format-standard","has-post-thumbnail","hentry","category-ceza-hukuku","category-makaleler"],"_links":{"self":[{"href":"https:\/\/tuncayilcim.av.tr\/v5\/wp-json\/wp\/v2\/posts\/4888","targetHints":{"allow":["GET"]}}],"collection":[{"href":"https:\/\/tuncayilcim.av.tr\/v5\/wp-json\/wp\/v2\/posts"}],"about":[{"href":"https:\/\/tuncayilcim.av.tr\/v5\/wp-json\/wp\/v2\/types\/post"}],"author":[{"embeddable":true,"href":"https:\/\/tuncayilcim.av.tr\/v5\/wp-json\/wp\/v2\/users\/2"}],"replies":[{"embeddable":true,"href":"https:\/\/tuncayilcim.av.tr\/v5\/wp-json\/wp\/v2\/comments?post=4888"}],"version-history":[{"count":17,"href":"https:\/\/tuncayilcim.av.tr\/v5\/wp-json\/wp\/v2\/posts\/4888\/revisions"}],"predecessor-version":[{"id":4935,"href":"https:\/\/tuncayilcim.av.tr\/v5\/wp-json\/wp\/v2\/posts\/4888\/revisions\/4935"}],"wp:featuredmedia":[{"embeddable":true,"href":"https:\/\/tuncayilcim.av.tr\/v5\/wp-json\/wp\/v2\/media\/131"}],"wp:attachment":[{"href":"https:\/\/tuncayilcim.av.tr\/v5\/wp-json\/wp\/v2\/media?parent=4888"}],"wp:term":[{"taxonomy":"category","embeddable":true,"href":"https:\/\/tuncayilcim.av.tr\/v5\/wp-json\/wp\/v2\/categories?post=4888"},{"taxonomy":"post_tag","embeddable":true,"href":"https:\/\/tuncayilcim.av.tr\/v5\/wp-json\/wp\/v2\/tags?post=4888"}],"curies":[{"name":"wp","href":"https:\/\/api.w.org\/{rel}","templated":true}]}}