{"id":4225,"date":"2023-03-30T15:51:14","date_gmt":"2023-03-30T12:51:14","guid":{"rendered":"https:\/\/tuncayilcim.av.tr\/v5\/?p=4225"},"modified":"2025-06-13T12:53:48","modified_gmt":"2025-06-13T09:53:48","slug":"turk-ceza-kanununda-yalan-taniklik-sucu-ve-unsurlari-tck-md-272","status":"publish","type":"post","link":"https:\/\/tuncayilcim.av.tr\/v5\/turk-ceza-kanununda-yalan-taniklik-sucu-ve-unsurlari-tck-md-272\/","title":{"rendered":"T\u00dcRK CEZA KANUNU&#8217;NDA &#8221;YALAN TANIKLIK SU\u00c7U&#8221; ve UNSURLARI (TCK Md.272)"},"content":{"rendered":"<p><img loading=\"lazy\" decoding=\"async\" class=\" wp-image-4230 aligncenter\" src=\"https:\/\/tuncayilcim.av.tr\/v5\/wp-content\/uploads\/mahkemede-sahitlik-sildirmek-1200x720-1-1024x614-1.jpg\" alt=\"\" width=\"1143\" height=\"686\" srcset=\"https:\/\/tuncayilcim.av.tr\/v5\/wp-content\/uploads\/mahkemede-sahitlik-sildirmek-1200x720-1-1024x614-1.jpg 1024w, https:\/\/tuncayilcim.av.tr\/v5\/wp-content\/uploads\/mahkemede-sahitlik-sildirmek-1200x720-1-1024x614-1-768x461.jpg 768w, https:\/\/tuncayilcim.av.tr\/v5\/wp-content\/uploads\/mahkemede-sahitlik-sildirmek-1200x720-1-1024x614-1-243x146.jpg 243w, https:\/\/tuncayilcim.av.tr\/v5\/wp-content\/uploads\/mahkemede-sahitlik-sildirmek-1200x720-1-1024x614-1-50x30.jpg 50w, https:\/\/tuncayilcim.av.tr\/v5\/wp-content\/uploads\/mahkemede-sahitlik-sildirmek-1200x720-1-1024x614-1-125x75.jpg 125w\" sizes=\"auto, (max-width:767px) 480px, (max-width:1143px) 100vw, 1143px\" \/><\/p>\n<p style=\"text-align: center;\"><span style=\"color: #ff0000;\"><strong>Yalan tan\u0131kl\u0131k (T CK)<\/strong><\/span><\/p>\n<p style=\"text-align: justify;\"><span style=\"color: #0000ff;\"><strong>Madde 272-<\/strong><\/span> (1) Hukuka ayk\u0131r\u0131 bir fiil nedeniyle <span style=\"color: #000000;\">ba\u015flat\u0131lan<\/span> bir soru\u015fturma kapsam\u0131nda <strong>tan\u0131k dinlemeye yetkili ki\u015fi veya kurul \u00f6n\u00fcnde<\/strong> <strong>ger\u00e7e\u011fe ayk\u0131r\u0131 olarak<\/strong> tan\u0131kl\u0131k yapan kimseye, d\u00f6rt aydan bir y\u0131la kadar hapis cezas\u0131 verilir.<\/p>\n<p style=\"text-align: justify;\">(2) Mahkeme huzurunda ya da yemin ettirerek tan\u0131k dinlemeye kanunen yetkili ki\u015fi veya kurul \u00f6n\u00fcnde ger\u00e7e\u011fe ayk\u0131r\u0131 olarak tan\u0131kl\u0131k yapan kimseye bir y\u0131ldan \u00fc\u00e7 y\u0131la kadar hapis cezas\u0131 verilir.<\/p>\n<p style=\"text-align: justify;\">(3) \u00dc\u00e7 y\u0131ldan fazla hapis cezas\u0131n\u0131 gerektiren bir su\u00e7un soru\u015fturma veya kovu\u015fturmas\u0131 kapsam\u0131nda yalan tan\u0131kl\u0131k yapan ki\u015fi hakk\u0131nda iki y\u0131ldan d\u00f6rt y\u0131la kadar hapis cezas\u0131na h\u00fckmolunur.<\/p>\n<p style=\"text-align: justify;\">(4) Aleyhine tan\u0131kl\u0131kta bulunulan ki\u015fi ile ilgili olarak g\u00f6zalt\u0131na alma ve tutuklama d\u0131\u015f\u0131nda ba\u015fka bir koruma tedbiri uygulanm\u0131\u015fsa, y\u00fcklenen fiili i\u015flemedi\u011finden dolay\u0131 hakk\u0131nda beraat karar\u0131 veya kovu\u015fturmaya yer olmad\u0131\u011f\u0131na dair karar verilmi\u015f olmas\u0131 ko\u015fuluyla, yukar\u0131daki f\u0131kralara g\u00f6re verilecek ceza yar\u0131 oran\u0131nda art\u0131r\u0131l\u0131r.<\/p>\n<p style=\"text-align: justify;\">(5) Aleyhine tan\u0131kl\u0131kta bulunulan ki\u015finin g\u00f6zalt\u0131na al\u0131nmas\u0131 veya tutuklanmas\u0131 halinde; y\u00fcklenen fiili i\u015flemedi\u011finden dolay\u0131 hakk\u0131nda beraat karar\u0131 veya kovu\u015fturmaya yer olmad\u0131\u011f\u0131na dair karar verilmi\u015f olmas\u0131 ko\u015fuluyla; yalan tan\u0131kl\u0131k yapan ki\u015fi, ayr\u0131ca ki\u015fiyi h\u00fcrriyetinden yoksun k\u0131lma su\u00e7una ili\u015fkin h\u00fck\u00fcmlere g\u00f6re dolayl\u0131 fail olarak sorumlu tutulur.<\/p>\n<p style=\"text-align: justify;\">(6) Aleyhine tan\u0131kl\u0131kta bulunulan kimsenin a\u011f\u0131rla\u015ft\u0131r\u0131lm\u0131\u015f m\u00fcebbet hapis veya m\u00fcebbet hapis cezas\u0131na mahk\u00fbmiyeti halinde, yirmi y\u0131ldan otuz y\u0131la kadar hapis cezas\u0131na;\u00a0h\u00fckmolunur.<\/p>\n<p style=\"text-align: justify;\">(7) Aleyhine tan\u0131kl\u0131kta bulunulan kimsenin mahk\u00fbm oldu\u011fu hapis cezas\u0131n\u0131n infaz\u0131na ba\u015flanm\u0131\u015f ise, alt\u0131nc\u0131 f\u0131kraya g\u00f6re verilecek ceza yar\u0131s\u0131 kadar art\u0131r\u0131l\u0131r.<\/p>\n<p style=\"text-align: justify;\">(8) Aleyhine tan\u0131kl\u0131kta bulunulan ki\u015fi hakk\u0131nda hapis cezas\u0131 d\u0131\u015f\u0131nda adl\u00ee veya idari bir yapt\u0131r\u0131m uygulanm\u0131\u015fsa; yalan tan\u0131kl\u0131kta bulunan ki\u015fi, \u00fc\u00e7 y\u0131ldan yedi y\u0131la kadar hapis cezas\u0131 ile cezaland\u0131r\u0131l\u0131r.<\/p>\n<p style=\"text-align: center;\"><span style=\"color: #ff0000;\"><strong>\u015eahsi cezas\u0131zl\u0131k veya cezan\u0131n azalt\u0131lmas\u0131n\u0131 gerektiren sebepler:\u00a0<\/strong><\/span><\/p>\n<p style=\"text-align: justify;\"><strong><span style=\"color: #0000ff;\">Madde 273<\/span><\/strong>&#8211; (1) Ki\u015finin;<\/p>\n<p style=\"text-align: justify;\">a) <strong>Kendisinin, \u00fcstsoy, altsoy, e\u015f veya karde\u015finin soru\u015fturma ve kovu\u015fturmaya u\u011framas\u0131na neden olabilecek bir hususla ilgili olarak yalan tan\u0131kl\u0131kta bulunmas\u0131<\/strong>,<\/p>\n<p style=\"text-align: justify;\">b) <strong>Tan\u0131kl\u0131ktan \u00e7ekinme hakk\u0131 olmas\u0131na ra\u011fmen<\/strong>, bu hakk\u0131 kendisine hat\u0131rlat\u0131lmadan ger\u00e7e\u011fe ayk\u0131r\u0131 olarak tan\u0131kl\u0131k yapmas\u0131,<\/p>\n<p style=\"text-align: justify;\">Halinde, verilecek cezada indirim yap\u0131labilece\u011fi gibi, ceza vermekten de vazge\u00e7ilebilir.<\/p>\n<p style=\"text-align: justify;\">(2) Birinci f\u0131kra h\u00fckm\u00fc, \u00f6zel hukuk uyu\u015fmazl\u0131klar\u0131 kapsam\u0131nda yap\u0131lan yalan tan\u0131kl\u0131k hallerinde uygulanmaz.<\/p>\n<p style=\"text-align: center;\"><strong><span style=\"color: #ff0000;\">Etkin pi\u015fmanl\u0131k:<\/span><\/strong><\/p>\n<p style=\"text-align: justify;\"><span style=\"color: #0000ff;\"><strong>Madde 274<\/strong><\/span>&#8211; (1) Aleyhine tan\u0131kl\u0131k yap\u0131lan ki\u015fi hakk\u0131nda bir hak k\u0131s\u0131tlamas\u0131n\u0131 veya yoksunlu\u011funu sonu\u00e7layacak nitelikte <strong>karar verilmeden veya h\u00fck\u00fcmden \u00f6nce<\/strong> ger\u00e7e\u011fin s\u00f6ylenmesi halinde, cezaya h\u00fckmolunmaz.<\/p>\n<p style=\"text-align: justify;\">(2) Aleyhine tan\u0131kl\u0131k yap\u0131lan ki\u015fi hakk\u0131nda bir hak k\u0131s\u0131tlamas\u0131n\u0131 veya yoksunlu\u011funu sonu\u00e7layacak nitelikte <strong>karar verildikten sonra ve fakat h\u00fck\u00fcmden \u00f6nce<\/strong> ger\u00e7e\u011fin s\u00f6ylenmesi halinde, verilecek cezan\u0131n \u00fc\u00e7te ikisinden yar\u0131s\u0131na kadar\u0131 indirilebilir.<\/p>\n<p style=\"text-align: justify;\">(3) Aleyhine tan\u0131kl\u0131k yap\u0131lan ki\u015fi hakk\u0131nda verilen <strong>mahk\u00fbmiyet karar\u0131 kesinle\u015fmeden \u00f6nce<\/strong> ger\u00e7e\u011fin s\u00f6ylenmesi halinde, verilecek cezan\u0131n yar\u0131s\u0131ndan \u00fc\u00e7te birine kadar\u0131 indirilebilir.<\/p>\n<p style=\"text-align: center;\"><strong><span style=\"color: #ff0000;\">Yalan yere yemin:<\/span><\/strong><\/p>\n<p style=\"text-align: justify;\"><strong><span style=\"color: #0000ff;\">Madde 275<\/span><\/strong>&#8211; (1) Hukuk davalar\u0131nda yalan yere yemin eden davac\u0131 veya daval\u0131ya bir y\u0131ldan be\u015f y\u0131la kadar hapis cezas\u0131 verilir.<\/p>\n<p style=\"text-align: justify;\">(2) <strong>Dava hakk\u0131nda h\u00fck\u00fcm verilmeden \u00f6nce ger\u00e7e\u011fin s\u00f6ylenmesi halinde<\/strong>, cezaya h\u00fckmolunmaz.<\/p>\n<p style=\"text-align: justify;\">(3) H\u00fckm\u00fcn icraya konulmas\u0131ndan veya kesinle\u015fmesinden \u00f6nce ger\u00e7e\u011fin s\u00f6ylenmesi halinde, verilecek cezan\u0131n yar\u0131s\u0131 indirilir.<\/p>\n<p style=\"text-align: justify;\"><strong><span style=\"color: #0000ff;\">HMK Madde 264 :<\/span><\/strong> (1) H\u00e2kim, tan\u0131\u011f\u0131n tan\u0131kl\u0131\u011f\u0131 esnas\u0131nda yalan s\u00f6yledi\u011fi veya menfaat temin ederek tan\u0131kl\u0131k etti\u011fi hakk\u0131nda yeterli delil veya emare elde ederse bir tutanak d\u00fczenler ve bu tutana\u011f\u0131 derh\u00e2l Cumhuriyet ba\u015fsavc\u0131l\u0131\u011f\u0131na g\u00f6nderir.<\/p>\n<p style=\"text-align: justify;\">(2) H\u00e2kim, tan\u0131\u011f\u0131n ve su\u00e7ta ortaklar\u0131 varsa onlar\u0131n tutuklanmas\u0131na da karar verebilir ve kovu\u015fturma yap\u0131lmak \u00fczere Cumhuriyet ba\u015fsavc\u0131l\u0131\u011f\u0131na sevk eder.<\/p>\n<blockquote>\n<p style=\"text-align: justify;\"><span style=\"color: #ff6600;\"><strong>Tan\u0131kl\u0131k;<\/strong> <\/span>bir olay hakk\u0131nda g\u00f6rg\u00fcs\u00fc veya bilgisi olan bir kimsenin be\u015f duyusu ile edindi\u011fi bilgileri tan\u0131k dinlemeye yetkili makam \u00f6n\u00fcnde anlatmas\u0131d\u0131r. <strong>Takdiri delil \u00e7e\u015fitlerinden tan\u0131k delili, kesin bir etkiye sahip olmamakla birlikte h\u00e2kimin takdirine ba\u011fl\u0131 tutulmaktad\u0131r. Hakim, tan\u0131k beyan\u0131n\u0131 takdir ederken sadece vicdani kanaatine dayanamaz. Tan\u0131k beyan\u0131 bir b\u00fct\u00fcnd\u00fcr; bu nedenle tan\u0131\u011f\u0131n beyan\u0131n\u0131n bir k\u0131sm\u0131na itibar edilip di\u011fer k\u0131sm\u0131na itibar edilmemesi olanakl\u0131 de\u011fildir. G\u00f6rg\u00fcye dayal\u0131 olmay\u0131p, duyuma ve s\u00f6ylentiye dayal\u0131 olan tan\u0131k beyan\u0131, hukuk muhakemesinde ispata elveri\u015fli de\u011fildir. Tan\u0131klar\u0131n beyanlar\u0131 aras\u0131nda \u00e7eli\u015fki olu\u015fmas\u0131 halinde, \u00e7eli\u015fki giderilmeli, gerekti\u011finde y\u00fczle\u015ftirme yap\u0131lmal\u0131d\u0131r. Tan\u0131\u011f\u0131n beyan\u0131na itibar edilmemesinin nedeni, gerek\u00e7ede belirtilmelidir. Olay\u0131n delili, bir tan\u0131\u011f\u0131n a\u00e7\u0131klamalar\u0131ndan ibaret ise,\u00a0<b>bu tan\u0131k duru\u015fmada mutlaka dinlenir<\/b>. Daha \u00f6nce yap\u0131lan dinleme s\u0131ras\u0131nda d\u00fczenlenmi\u015f tutana\u011f\u0131n veya yaz\u0131l\u0131 bir a\u00e7\u0131klaman\u0131n okunmas\u0131 dinleme yerine ge\u00e7emez. <\/strong><em>(CMK Md.210). <\/em><strong>Taraflara soru sorma hakk\u0131 tan\u0131nmaks\u0131z\u0131n dinlenen tan\u0131k beyan\u0131n\u0131n h\u00fckme esas al\u0131nmas\u0131 savunma hakk\u0131n\u0131 k\u0131s\u0131tlar.<\/strong> Tan\u0131k, yarg\u0131lama konusu olay hakk\u0131ndaki bilgisini veya g\u00f6rd\u00fc\u011f\u00fcn\u00fc tam olarak a\u00e7\u0131klamakla y\u00fck\u00fcml\u00fcd\u00fcr. Yalan tan\u0131kl\u0131k su\u00e7u uzla\u015fma kapsam\u0131nda olan su\u00e7lardan de\u011fildir. Yalan tan\u0131kl\u0131k<em> su\u00e7u<\/em>, \u015fikayete tabi su\u00e7lar aras\u0131nda yer almad\u0131\u011f\u0131ndan resen soru\u015fturulur, bu nedenle herhangi bir \u015fikayet s\u00fcresi olmad\u0131\u011f\u0131 gibi su\u00e7tan bireysel olarak ma\u011fdur olan ki\u015fi \u015fikayetten vazge\u00e7me hakk\u0131n\u0131 kullansa bile kamu davas\u0131 d\u00fc\u015fmez. Bu su\u00e7 nedeniyle dava zamana\u015f\u0131m\u0131 s\u00fcresi i\u00e7erisinde \u015fikayet hakk\u0131 kullan\u0131labilir. Su\u00e7un dava zamana\u015f\u0131m\u0131 s\u00fcresi 8 y\u0131ld\u0131r. Yalanc\u0131 \u015fahitlik su\u00e7u nedeniyle h\u00fckmedilen hapis cezas\u0131, belli ko\u015fullarda adli para cezas\u0131na \u00e7evrilebilir. Tan\u0131\u011f\u0131n alg\u0131lad\u0131\u011f\u0131 ve hat\u0131rlad\u0131\u011f\u0131 olgulara ayk\u0131r\u0131 olarak kasten beyanda bulunmas\u0131 veya bilgisini saklamas\u0131 ya da olay ve olgular hakk\u0131nda hi\u00e7bir bilgisi olmad\u0131\u011f\u0131 halde bilgisi varm\u0131\u015f gibi beyanda bulunmas\u0131 durumunda yalan beyan s\u00f6z konusu olur. \u00a0Tan\u0131k, gizledi\u011fi hususun ispat i\u00e7in \u00f6nemli oldu\u011funu \u00f6ng\u00f6rebilmesine ra\u011fmen a\u00e7\u0131klamada bulunmaktan ka\u00e7\u0131n\u0131yor ise burada kast mevcuttur ve yalanc\u0131 tan\u0131kl\u0131k su\u00e7u olu\u015fmu\u015ftur.<\/p>\n<p style=\"text-align: justify;\">Aleyhine yalan tan\u0131kl\u0131kta bulunulan ki\u015fi veya mahkemece resen , yalan tan\u0131kl\u0131k su\u00e7undan su\u00e7 duyurusunda bulunulabilir.<\/p>\n<\/blockquote>\n<p style=\"text-align: justify;\">Yalan tan\u0131kl\u0131k su\u00e7u, iki se\u00e7imlik hareket ile i\u015flenebilir:<\/p>\n<ul>\n<li style=\"text-align: justify;\"><strong>G<\/strong><strong>er\u00e7e\u011fe ayk\u0131r\u0131 \u015fahitlik yapmak, yarg\u0131lama konusu olay hakk\u0131nda bilerek ger\u00e7e\u011fe ayk\u0131r\u0131 beyanda bulunmak, yalan s\u00f6ylemek, ger\u00e7e\u011fi inkar etmek suretiyle,<\/strong><\/li>\n<li style=\"text-align: justify;\"><strong>T<\/strong><strong>an\u0131\u011f\u0131n kendisine sorulan sorularda olay hakk\u0131ndaki bilgisini az veya \u00e7ok saklamas\u0131 suretiyle.<\/strong><\/li>\n<\/ul>\n<p style=\"text-align: justify;\">Ger\u00e7e\u011fi bildi\u011fi halde kasten (Bilerek ve \u0130steyerek) a\u00e7\u0131klamamak (gizlemek), ger\u00e7e\u011fi eksik bildirmek, ger\u00e7e\u011fi t\u00fcm\u00fcyle ba\u015fka \u015fekilde g\u00f6stermek, ger\u00e7e\u011fi olmayan unsurlar ekleyerek a\u00e7\u0131klamak yalan tan\u0131kl\u0131k su\u00e7una sebebiyet verir. Ger\u00e7e\u011fe ayk\u0131r\u0131 tan\u0131kl\u0131\u011f\u0131n kabul edilebilmesi i\u00e7in tan\u0131\u011f\u0131n beyan\u0131n\u0131n maddi\/mutlak ger\u00e7ekli\u011fe ayk\u0131r\u0131 olmas\u0131 aranmamal\u0131, objektif ger\u00e7ekli\u011fe ayk\u0131r\u0131 olmas\u0131 aranmal\u0131d\u0131r. Somut olaydaki mutlak ger\u00e7eklik farkl\u0131 olmakla birlikte, ayn\u0131 ko\u015fullarda olaya tan\u0131k olan herhangi bir ki\u015finin de olay\u0131 benzer bi\u00e7imde alg\u0131layabilece\u011fi hallerde, yalan tan\u0131kl\u0131\u011f\u0131n bulundu\u011fu s\u00f6ylenemez. G\u00f6rd\u00fcklerinden edindi\u011fi kanaatini a\u00e7\u0131klayan, kendi g\u00f6r\u00fc\u015f a\u00e7\u0131s\u0131na g\u00f6re ger\u00e7e\u011fin bu \u015fekilde oldu\u011fu zann\u0131 ile a\u00e7\u0131klamada bulunup ayr\u0131nt\u0131s\u0131n\u0131 anlatmaya gerek duymayan ki\u015finin yalan tan\u0131kl\u0131kta bulundu\u011fu s\u00f6ylenemez. Bu halde su\u00e7un manevi unsuru yoktur. Yalan tan\u0131kl\u0131k su\u00e7unun olu\u015fmas\u0131 i\u00e7in, ger\u00e7e\u011fin tan\u0131\u011f\u0131n anlat\u0131m\u0131ndan farkl\u0131 oldu\u011funun kan\u0131tlanm\u0131\u015f olmas\u0131 zorunludur. <span style=\"color: #333399;\"><strong>Yalan tan\u0131kl\u0131k su\u00e7u te\u015febb\u00fcse elveri\u015fli de\u011fildir<\/strong><\/span>. <em>(Artuk\/G\u00f6kcen\/Yenid\u00fcnya, \u00d6zel h\u00fck\u00fcmler,9.B.s.1075, \u00d6nder \u00d6zel H\u00fck\u00fcmler.s.347, Erem, Yalan \u015eahadet,Bilirki\u015filik ve Terc\u00fcmanl\u0131k,s.47-,&#8230;Osman Ya\u015far\/Hasan Tahsin G\u00f6kcan\/Mustafa Artu\u00e7 s.8181-8198) <\/em>&#8221; San\u0131\u011f\u0131n a\u00e7\u0131lan davan\u0131n kovu\u015fturma a\u015famas\u0131nda tan\u0131k s\u0131fat\u0131yla verdi\u011fi ve g\u00f6rg\u00fc tespit tutana\u011f\u0131 ve bilirki\u015fi raporuyla \u00e7eli\u015fen ifadesinin, ancak vicdani kan\u0131y\u0131 olu\u015fturaca\u011f\u0131 bu durum yalan tan\u0131kl\u0131k su\u00e7unun kesin delili olamayaca\u011f\u0131 g\u00f6zetilmeden ve san\u0131\u011f\u0131n bu anlat\u0131m\u0131n\u0131n, olay\u0131 yanl\u0131\u015f alg\u0131lama, k\u0131smen g\u00f6rme, kendi g\u00f6rg\u00fcs\u00fcne g\u00f6re aktarma ya da zaman ge\u00e7mesi nedeniyle yanl\u0131\u015f hat\u0131rlamadan m\u0131 kaynakland\u0131\u011f\u0131 de\u011ferlendirilmeden, y\u00fcklenen su\u00e7un kas\u0131t unsurunun delillere dayal\u0131 olarak g\u00f6sterilmesi de d\u00fc\u015f\u00fcn\u00fclmeden yetersiz gerek\u00e7e ile h\u00fck\u00fcml\u00fcl\u00fck karar\u0131 verilmesi..<em>.4.CD.6.6.2012,12060\/13844)&#8221;-&#8221; <\/em>Te\u015fhis ettirilen \u015fah\u0131slar\u0131 daha \u00f6nceden de tan\u0131mayan san\u0131\u011f\u0131n aradan ge\u00e7en zaman itibariyle yan\u0131lma ihtimali g\u00f6zetilmeden ve yalan tan\u0131kl\u0131k kast\u0131yla hareket etti\u011fi kan\u0131s\u0131na ne \u015fekilde ula\u015f\u0131ld\u0131\u011f\u0131 da karar yerinde a\u00e7\u0131klan\u0131p tart\u0131\u015f\u0131lmadan mahkumiyet karar\u0131 verilmesi&#8230;<em>.4.CD.3.4.2012,2010\/8984-2012\/7779)&#8221; <\/em>-&#8221; San\u0131klar\u0131n yemin ettirerek ifade alma yetkisi bulunmayan jandarma g\u00f6revlilerine verdikleri ve daha sonra de\u011fi\u015ftirdikleri ifadelerinin yalan tan\u0131kl\u0131k su\u00e7unu olu\u015fturmayaca\u011f\u0131n\u0131n g\u00f6zetilmemesi.<em>..4.CD.1.11.2011,12425\/19874)&#8221;\u00a0 &#8221; <\/em>Hangi anlat\u0131m\u0131n ger\u00e7e\u011fe ayk\u0131r\u0131 oldu\u011funun saptanmas\u0131 bak\u0131m\u0131ndan Hasan S.n\u0131n san\u0131k oldu\u011fu davan\u0131n sonucunun beklenmesi ad\u0131 ge\u00e7en ki\u015finin beraat etmesi halinde yalan tan\u0131kl\u0131k su\u00e7u i\u00e7in TCY 274\/1 maddesinde belirtilen cezas\u0131zl\u0131k halinin olu\u015faca\u011f\u0131 g\u00f6zetilmeden yaz\u0131l\u0131 bi\u00e7imde karar verilmesi .<em>..4.CD.24.03.2009.2007\/9323-2009\/5486)&#8221;<\/em><\/p>\n<p style=\"text-align: justify;\"><strong>Yalan tan\u0131kl\u0131k su\u00e7unda, aleyhine yalan tan\u0131kl\u0131k yap\u0131lan ki\u015finin davaya kat\u0131lma hakk\u0131 bulunmaktad\u0131r.<\/strong><\/p>\n<ul>\n<li style=\"text-align: justify;\">\u201c\u2026Yalan tan\u0131kl\u0131k su\u00e7unda, aleyhine yalan tan\u0131kl\u0131k yap\u0131lan ki\u015finin davaya kat\u0131lma hakk\u0131 bulundu\u011fu g\u00f6zetilmeyerek, Anamur Sulh Ceza Mahkemesinin 2007\/119 E. say\u0131l\u0131 dosyas\u0131nda san\u0131k m\u00fcdafii olarak yer alan ve su\u00e7tan do\u011frudan do\u011fruya zarar g\u00f6rmeyen Av. \u2026\u2019\u0131n davaya kat\u0131lan olarak kabul\u00fcne karar verilmesi\u2026\u201d<em> Y. 16. Ceza Dairesi 2016\/2353 E. , 2017\/321 K.<\/em><\/li>\n<li style=\"text-align: justify;\"><strong>Yalan tan\u0131kl\u0131k su\u00e7una azmettirmek veya yard\u0131m etmek m\u00fcmk\u00fcnd\u00fcr.<\/strong><\/li>\n<\/ul>\n<blockquote>\n<p style=\"text-align: justify;\"><span style=\"color: #993300;\"><strong>\u0130ftira ve yalan tan\u0131kl\u0131k su\u00e7lar\u0131nda maddi zarar\u0131n s\u00f6z konusu olamayaca\u011f\u0131,<\/strong><\/span> HAGB de ise manevi zarar\u0131n g\u00f6z \u00f6n\u00fcnde bulundurulamayaca\u011f\u0131 g\u00f6zetilmeden &#8230;.<em>9.CD.12.2.2013,2012\/10684,2013\/2004<\/em>) Y\u00fcksek mahkemenin bu ve benzeri tutars\u0131z kararlar\u0131n\u0131n hukuka uygun olmad\u0131\u011f\u0131 kanaatindeyiz. Zira yalan beyan veya iftira nedeniyle ki\u015fi tutuklanarak cezaevine girmi\u015f, g\u00f6z alt\u0131na al\u0131nm\u0131\u015f ve h\u00fcrriyeti k\u0131s\u0131tlanm\u0131\u015f olabilir. Bu halde i\u015finden ve maddi gelirinden mahrum kald\u0131\u011f\u0131 i\u00e7in maddi zarara u\u011frayaca\u011f\u0131 ku\u015fkusuzdur. Esas olan meydana gelen ve beyan edilen zarar ile yalan beyan sonucu ortaya \u00e7\u0131kan netice aras\u0131ndaki illiyet ba\u011f\u0131n\u0131n ortaya konulmas\u0131d\u0131r.<\/p>\n<\/blockquote>\n<p style=\"text-align: justify;\">Yalanc\u0131 tan\u0131kl\u0131k su\u00e7unda yarg\u0131lama g\u00f6revi, asliye ceza mahkemesi taraf\u0131ndan yerine getirilir.<\/p>\n<p style=\"text-align: justify;\">5271 say\u0131l\u0131 CMK ve 6100 say\u0131l\u0131 HMK\u2019da tan\u0131\u011f\u0131n ger\u00e7e\u011fe uygun beyanda bulunmas\u0131n\u0131 sa\u011flamaya y\u00f6nelik d\u00fczenlemelere yer verilmi\u015ftir. Bunlardan en \u00f6nemlisi, tan\u0131\u011f\u0131n; ger\u00e7e\u011fi a\u00e7\u0131klama, do\u011fru beyanda bulunma, bildiklerini gizlememe y\u00fck\u00fcml\u00fcl\u00fc\u011f\u00fc alt\u0131nda olmas\u0131d\u0131r. <strong><span style=\"color: #ff6600;\">Tan\u0131k, uyu\u015fmazl\u0131\u011f\u0131n konusunu te\u015fkil eden somut vak\u0131a hakk\u0131nda duyu organlar\u0131 vas\u0131tas\u0131 ile edindi\u011fi bilgileri gizlemeden, do\u011fru \u015fekilde beyan etmekle y\u00fck\u00fcml\u00fcd\u00fcr.<\/span><\/strong><\/p>\n<p style=\"text-align: justify;\">Yasa&#8217;da yalan tan\u0131kl\u0131k su\u00e7u adliyeye kar\u015f\u0131 i\u015flenen su\u00e7lar aras\u0131nda d\u00fczenlenmi\u015ftir.<\/p>\n<blockquote>\n<p style=\"text-align: justify;\">Yasa maddesi &#8221;Tan\u0131\u011f\u0131n Dinlenilmesi&#8217;ni belirtmi\u015f ve tan\u0131\u011f\u0131n dinlenilme usulleri CMK da ve di\u011fer mevzuat h\u00fck\u00fcmlerinde a\u00e7\u0131klanm\u0131\u015ft\u0131r. <strong>Bu nedenle yetkili kimseler \u00f6n\u00fcnde fiilen dinlenilmeksizin salt dilek\u00e7e vermek suretiyle yalan tan\u0131kl\u0131k su\u00e7u olu\u015famaz.<\/strong><\/p>\n<\/blockquote>\n<p style=\"text-align: justify;\">Tan\u0131k beyan\u0131n\u0131n bir delil t\u00fcr\u00fc olmas\u0131 itibar\u0131 ile tan\u0131\u011f\u0131n ger\u00e7e\u011fe ayk\u0131r\u0131 beyan\u0131, uyu\u015fmazl\u0131k hakk\u0131nda karar vermeye yetkili mercileri yanl\u0131\u015f yola sevk ederek s\u00fcbut ve bunun neticesinde hukuki mesele hakk\u0131nda hatal\u0131 kararlar vermelerine neden olabilir. Bu durumda adaletin tecellisinden s\u00f6z edilemeyece\u011fi i\u00e7in, toplumda adalet mekanizmas\u0131n\u0131n i\u015fleyi\u015fine duyulan g\u00fcven sars\u0131lacakt\u0131r. Buna g\u00f6re, yalan tan\u0131kl\u0131k su\u00e7u ile korunan hukuki menfaat maddi ger\u00e7e\u011fe ula\u015f\u0131lmas\u0131 suretiyle adaletin tecelli etmesindeki toplumsal menfaat ve adalet mekanizmas\u0131n\u0131n i\u015fleyi\u015fine duyulan g\u00fcvendir. Yalan tan\u0131kl\u0131k su\u00e7una ili\u015fkin norm ile, ayn\u0131 zamanda bireyin adil yarg\u0131lanma hakk\u0131 korunmaktad\u0131r. Maddi vak\u0131an\u0131n ger\u00e7e\u011fe uygun olarak tespiti, bireyin adil yarg\u0131lanma hakk\u0131 kapsam\u0131ndad\u0131r. Delillerin toplanmas\u0131na y\u00f6nelik t\u00fcm tedbirler, maddi ger\u00e7e\u011fe var\u0131lmas\u0131na ve bu ba\u011flamda bireyin adil yarg\u0131lanmas\u0131na y\u00f6neliktir. Tan\u0131kl\u0131\u011f\u0131n kamusal g\u00f6rev niteli\u011fi ta\u015f\u0131mas\u0131 ve buna ba\u011fl\u0131 olarak tan\u0131\u011f\u0131n haz\u0131r bulunma, beyanda bulunma ve ger\u00e7e\u011fi s\u00f6yleme y\u00fck\u00fcml\u00fcl\u00fc\u011f\u00fc alt\u0131nda olmas\u0131 ve bu y\u00fck\u00fcml\u00fcl\u00fcklerin ihlalinin yapt\u0131r\u0131ma ba\u011flanmas\u0131, bu kapsamda yalan tan\u0131kl\u0131\u011f\u0131n su\u00e7 olarak tan\u0131mlanmas\u0131; adaletin tecellisindeki hem bireysel, hem de toplumsal menfaatlerin korunmas\u0131na y\u00f6neliktir. Tan\u0131k, uyu\u015fmazl\u0131\u011f\u0131n konusunu te\u015fkil eden olay hakk\u0131nda ger\u00e7e\u011fe ayk\u0131r\u0131 beyanda bulunmakla maddi ger\u00e7e\u011fe ula\u015f\u0131lmas\u0131n\u0131 engellemektedir. Bu su\u00e7un konusu, maddi ger\u00e7e\u011fin kendisidir.<\/p>\n<blockquote>\n<p style=\"text-align: justify;\">Su\u00e7un fiil unsuru TCK\u2019n\u0131n 272. maddesinde <span style=\"color: #ff6600;\"><strong>\u201cger\u00e7e\u011fe ayk\u0131r\u0131 olarak tan\u0131kl\u0131k yapmak\u201d<\/strong><\/span> \u015feklinde belirtilmi\u015ftir. Ger\u00e7e\u011fe ayk\u0131r\u0131 olarak tan\u0131kl\u0131k yapmak; ger\u00e7e\u011fin t\u00fcm\u00fcyle veya k\u0131smen oldu\u011fundan ba\u015fka t\u00fcrl\u00fc anlat\u0131lmas\u0131, <strong><span style=\"color: #993300;\">tan\u0131kl\u0131\u011f\u0131n konusunu olu\u015fturan hususlar hakk\u0131ndaki bilginin k\u0131smen veya<\/span> tamamen gizlenmesi, ger\u00e7e\u011fin inkar edilmesi, ger\u00e7e\u011fin ilave bir tak\u0131m unsurlar eklenerek anlat\u0131lmas\u0131<\/strong> \u015feklinde olabilir. Yalan tan\u0131kl\u0131\u011f\u0131n ne \u015fekilde yap\u0131ld\u0131\u011f\u0131n\u0131n bir \u00f6nemi yoktur; <strong>ispat \u00fczerinde etkisi olan bir olgunun ger\u00e7e\u011fe ayk\u0131r\u0131 \u015fekilde anlat\u0131lmas\u0131 yeterlidir.<\/strong> Dolay\u0131s\u0131yla, yalan tan\u0131kl\u0131k su\u00e7u serbest hareketli su\u00e7tur. Ayr\u0131ca, su\u00e7un yasal tan\u0131m\u0131nda netice unsuruna yer verilmemesi, fiilin icras\u0131 ile birlikte tamamlanmas\u0131 nedeniyle, bu su\u00e7 s\u0131rf hareket su\u00e7udur. Yalan tan\u0131kl\u0131k, soyut tehlike su\u00e7u olarak d\u00fczenlenmi\u015ftir. <span style=\"color: #333399;\"><strong>Bir zarar\u0131n ger\u00e7ekle\u015fmesi ya da somut bir tehlikenin ortaya \u00e7\u0131kmas\u0131 aranmad\u0131\u011f\u0131 gibi; ger\u00e7e\u011fe ayk\u0131r\u0131 a\u00e7\u0131klamada bulunan tan\u0131\u011f\u0131n beyan\u0131n\u0131n h\u00fckme veya karara esas al\u0131nmas\u0131, delil olarak de\u011ferlendirilmesi gerekli de\u011fildir.<\/strong><\/span> \u00d6rne\u011fin hakim, tan\u0131\u011f\u0131n beyan\u0131n\u0131 g\u00fcvenilir bulmad\u0131\u011f\u0131 i\u00e7in delil olarak de\u011ferlendirmeyebilir ve h\u00fckme esas almayabilir. Bu durumda da, ger\u00e7e\u011fe ayk\u0131r\u0131 beyanda bulunmakla yalan tan\u0131kl\u0131k su\u00e7u olu\u015fmakta; fiilin icras\u0131 ile adaletin tecellisinin tehlikeye girdi\u011fi kabul edilmektedir. <em>(\u00dcnver, s. 181.-Kudlich, Henn, in: BeckK-StGB, 29. Aufl age, C. H. Beck Verlag, M\u00fcnchen, 2015, \u00a7 153 kn. 3-Hettinger \/ Bender, JuS 2015\/7, s. 578; Artuk, Mehmet Emin \/ G\u00f6kcen, Ahmet \/ Yenid\u00fcnya, Ahmet Caner, T\u00fcrk Ceza Kanunu \u015eerhi, C. 5, 2. Bask\u0131, Se\u00e7kin Yay\u0131nc\u0131l\u0131k, Ankara, 2014, s. 7827; Ya\u015far \/ G\u00f6kcan \/ Artu\u00e7, C. 6, s. 8189.)\u00a0 <\/em>Ancak tan\u0131\u011f\u0131n beyan\u0131n\u0131n soru\u015fturma sonucunda verilecek karar veya yarg\u0131lama sonucunda verilecek h\u00fckme etkili olabilme imk\u00e2n\u0131 yok ise (Elveri\u015flilik) yalan tan\u0131kl\u0131k su\u00e7u olu\u015fmaz. Bu ba\u011flamda hangi beyanlar\u0131n yalan tan\u0131kl\u0131k su\u00e7unu olu\u015fturabilecek nitelikte oldu\u011funun tespit edilmesi gerekmektedir. <strong><span style=\"color: #993300;\">Tan\u0131kl\u0131k konusu olayla ilgisi olmayan veya \u00fczerinde uyu\u015fmazl\u0131k<\/span> bulunmayan ya da herkes taraf\u0131ndan do\u011fru olmad\u0131\u011f\u0131 kolayl\u0131kla anla\u015f\u0131labilen hususlara ili\u015fkin yap\u0131lan ger\u00e7e\u011fe ayk\u0131r\u0131 a\u00e7\u0131klamalar, yalan tan\u0131kl\u0131k su\u00e7una v\u00fccut vermez<\/strong>. <strong>Dava ile hi\u00e7bir ilgisi olmayan vak\u0131alara ili\u015fkin yap\u0131lan a\u00e7\u0131klamalar, adli faaliyetin seyrine herhangi bir etki etmez<\/strong>. Zira bu beyanlar, yarg\u0131lama sonucunda kurulacak h\u00fckme do\u011fal olarak, tesir etme olana\u011f\u0131na sahip de\u011fildir. <em>(Yarg\u0131tay 4. CD, 7311\/8314, T. 22.12.1992. \u0130lgili karar i\u00e7in bkz. Malko\u00e7, \u0130smail\/ G\u00fcler, Mahmut; (Uygulamada) T\u00fcrk Ceza <\/em><em>Kanunu \u00d6zel H\u00fck\u00fcmler -II-, Adil Yay\u0131nevi, Ankara 1996, s. 2300.-Yarg\u0131tay 4. CD, E. 2010\/17053, K. 2012\/11506, T. 15.05.2012,-Soyaslan, \u00d6zel H\u00fck\u00fcmler, s. 727.) <\/em>Beyan\u0131n olayla ilgili olmas\u0131 ve objektif olarak h\u00fckme etki edebilme olas\u0131l\u0131\u011f\u0131 irdelenmelidir. Bunun d\u0131\u015f\u0131nda beyan\u0131n g\u00fcvenilirlik y\u00f6n\u00fcnden h\u00fckme esas al\u0131n\u0131p al\u0131nmamas\u0131 su\u00e7un olu\u015fumu i\u00e7in \u00f6nemli de\u011fildir. Tan\u0131\u011f\u0131n, ger\u00e7e\u011fe ayk\u0131r\u0131 beyanlar\u0131n\u0131n soru\u015fturma veya kovu\u015fturman\u0131n s\u0131hhatini etkileyebilecek nitelikte olup olmad\u0131\u011f\u0131na bak\u0131lmal\u0131d\u0131r. Bir zarar\u0131n meydana gelmesi veya tehlikenin a\u011f\u0131rl\u0131\u011f\u0131 su\u00e7un olu\u015fumu i\u00e7in de\u011fil; nitelikli halleri i\u00e7in \u00f6ng\u00f6r\u00fclm\u00fc\u015ft\u00fcr.<em>(Gazi \u00dcniversitesi Hukuk Fak\u00fcltesi Dergisi C.XX, Y.16 Neslihan G\u00f6kt\u00fcrk)<\/em><\/p>\n<p style=\"text-align: justify;\">Yalan tan\u0131kl\u0131k su\u00e7u, tan\u0131\u011f\u0131n g\u00f6revsiz mahkeme huzurunda dinlenmesi s\u0131ras\u0131nda da i\u015flenebilir. CMK\u2019ya g\u00f6re; g\u00f6revsiz mahkemenin yapt\u0131\u011f\u0131 i\u015flemler b\u00fct\u00fcn\u00fcyle ge\u00e7ersiz de\u011fildir ve bu durumda da tan\u0131k beyan\u0131n\u0131n muhakemeyi etkileme imk\u00e2n\u0131 vard\u0131r. Bu sebeple tan\u0131k ger\u00e7e\u011fe ayk\u0131r\u0131 beyanda bulunduktan sonra, mahkemenin g\u00f6revsizlik karar\u0131 \u00fczerine davaya ba\u015fka bir mahkemede bak\u0131lmaya ba\u015flanmas\u0131 halinde de yalan tan\u0131kl\u0131k su\u00e7u olu\u015fur. <em>(Malko\u00e7, s. 2483.-Yarg\u0131tay 4. CD, E. 2009\/11087, K. 2011\/8095, T. 13.06.2011)<\/em><\/p>\n<p style=\"text-align: justify;\"><strong>Tan\u0131k, sadece uyu\u015fmazl\u0131\u011f\u0131n konusunu te\u015fkil eden olayla ilgili olarak ger\u00e7e\u011fe uygun beyanda bulunmakla y\u00fck\u00fcml\u00fcd\u00fcr.<\/strong> Medeni muhakemede ise bunun s\u0131n\u0131r\u0131n\u0131 tan\u0131k beyan\u0131 ile ispat edilmek istenen husus belirler. <strong>Tan\u0131\u011f\u0131n, uyu\u015fmazl\u0131\u011f\u0131n konusunu olu\u015fturan olay d\u0131\u015f\u0131nda kalan ger\u00e7e\u011fe ayk\u0131r\u0131 a\u00e7\u0131klamalar\u0131 bu su\u00e7a sebebiyet vermez<\/strong>. \u00d6rne\u011fin tan\u0131k, kimli\u011fi hakk\u0131nda yalan beyanda bulunuyor ise, bu su\u00e7 de\u011fil; TCK\u2019n\u0131n 206. maddesinde d\u00fczenlenen resmi belge d\u00fczenlenmesinde yalan beyan su\u00e7u olu\u015fur. <strong>Ayr\u0131ca, ger\u00e7e\u011fe ayk\u0131r\u0131 beyan ancak ispat edilmek istenen husus bak\u0131m\u0131ndan \u00f6nemli ise bu su\u00e7 olu\u015fur. Maddi ger\u00e7e\u011fin ortaya \u00e7\u0131kar\u0131lmas\u0131nda etkisi bulunmayan olgular hakk\u0131ndaki ger\u00e7e\u011fe ayk\u0131r\u0131 beyan bu su\u00e7a v\u00fccut vermez.<\/strong> \u00c7\u00fcnk\u00fc bu durumda, fiil, adaletin tecelli etmesini menfi \u015fekilde etkileyecek bir tehlikelilik arz etmedi\u011fi i\u00e7in, su\u00e7 ile korunan hukuki menfaati ihlal etmeye elveri\u015fli de\u011fildir.<em> (Artuk \/ G\u00f6kcen \/ Yenid\u00fcnya, TCK \u015eerhi, C. 5, s. 7829; \u00d6zbek ve di\u011ferleri, \u00d6zel H\u00fck\u00fcmler, s. 1097; Tezcan \/ Erdem \/ \u00d6nok, \u00d6zel H\u00fck\u00fcmler, s. 1011; Soyaslan, \u00d6zel H\u00fck\u00fcmler, s. 709; Feyzio\u011flu, s. 243; Ya\u015far \/ G\u00f6kcan \/Artu\u00e7, C. 6, s. 8187; \u0130\u00e7er, Zafer, \u201cYalan Tan\u0131kl\u0131k Su\u00e7u (TCK. M. 272)\u201d, M\u00dcHF-HAD, C. 18, 2012\/1, s. 191.-Yarg\u0131tay 4. CD, 15.5.2012, E. 2010\/17053, K. 2012\/11506)<\/em><\/p>\n<p style=\"text-align: justify;\">Tan\u0131\u011f\u0131n vak\u0131a hakk\u0131ndaki kendi de\u011ferlendirmeleri, yorumlar\u0131 veya \u00e7\u0131kar\u0131mlar\u0131 esas itibar\u0131 ile tan\u0131k ifadesinin i\u00e7eri\u011fine dahil de\u011fildir. <strong>Tan\u0131k, olay hakk\u0131nda bildiklerini ger\u00e7e\u011fe uygun olarak beyan etmekle beraber; kendi analizlerini, yorumlar\u0131n\u0131, de\u011ferlendirmelerini, kanaatini, hissettiklerini ger\u00e7e\u011fe ayk\u0131r\u0131 olarak beyan eder yahut tamamen veya k\u0131smen gizlerse tipik bir fiilden s\u00f6z edilemeyece\u011fi i\u00e7in yalan tan\u0131kl\u0131k su\u00e7u olu\u015fmaz<\/strong>.<em> (\u00dcnver, s. 182; Yarg\u0131tay 9. CD, 17.9.2014, E. 2014\/31, K. 2014\/9187)<\/em><\/p>\n<p style=\"text-align: justify;\">Tan\u0131k, tan\u0131kl\u0131\u011f\u0131n\u0131n konusunu olu\u015fturan hususlar hakk\u0131ndaki bilgisini tam olarak a\u00e7\u0131klamakla y\u00fck\u00fcml\u00fcd\u00fcr. Ancak, bu, yukar\u0131da belirtildi\u011fi \u00fczere <span style=\"color: #0000ff;\"><strong>maddi ger\u00e7e\u011fin ortaya \u00e7\u0131kmas\u0131nda etkisi bulunan vak\u0131alarla s\u0131n\u0131rl\u0131d\u0131r.<\/strong><\/span> Tan\u0131\u011f\u0131n ifadesinin m\u00fcnhas\u0131ran soru-cevap tarz\u0131nda al\u0131nmas\u0131 halinde, tan\u0131\u011f\u0131n sadece sorulan hususlara cevap vermesi istenmi\u015f olup da a\u00e7\u0131klamad\u0131\u011f\u0131 bilgi sorulmam\u0131\u015f ya da \u00f6\u011frenilmek istenmemi\u015f ise ger\u00e7e\u011fin gizlenmesi tipiklik arz etmez. Zira, <strong>tan\u0131\u011fa bildiklerini tam olarak a\u00e7\u0131klama olana\u011f\u0131 verilmi\u015f de\u011fildir ve b\u00f6yle bir durumda ger\u00e7e\u011fin gizlendi\u011finden s\u00f6z edilemez<\/strong>. <em>(Yarg\u0131tay CGK, 1.4.2014, E. 2013\/4-498, K. 2014\/154-\u00dcnver, s. 188.-; Soyaslan, \u00d6zel H\u00fck\u00fcmler, s. 710.-Artuk \/ G\u00f6kcen \/ Yenid\u00fcnya, TCK \u015eerhi, C. 5, s. 7830) <\/em>\u0130spat \u00fczerinde etkili olan bir hususa ili\u015fkin olarak, tan\u0131k bunu kendisince \u00f6nemsiz sayarak ya da unutarak a\u00e7\u0131klamada bulunmam\u0131\u015f olabilir. Bu durumda, failin kasten hareket etti\u011fi s\u00f6ylenemez.<\/p>\n<p style=\"text-align: justify;\">Tan\u0131kl\u0131ktan \u00e7ekinme yetkisi olmad\u0131\u011f\u0131 halde, ki\u015finin tan\u0131kl\u0131k yapmaktan ka\u00e7\u0131nmas\u0131, bir ba\u015fka ifade ile uyu\u015fmazl\u0131\u011f\u0131n konusunu te\u015fkil eden maddi vak\u0131a hakk\u0131nda hi\u00e7 konu\u015fmamas\u0131 ve sorulan sorular\u0131n hi\u00e7birine cevap vermemesi halinde yalan tan\u0131kl\u0131k su\u00e7u olu\u015fmaz. Zira, bu durumda ifadenin varl\u0131\u011f\u0131ndan s\u00f6z edilemez. Bu, CMK\u2019n\u0131n 60. maddesine g\u00f6re disiplin yapt\u0131r\u0131m\u0131n\u0131 gerektiren bir davran\u0131\u015ft\u0131r. Tan\u0131k uyu\u015fmazl\u0131\u011f\u0131n konusunu te\u015fkil eden maddi vak\u0131a hakk\u0131ndaki bilgisini tan\u0131kl\u0131ktan \u00e7ekinme yetkisi bulunmad\u0131\u011f\u0131 halde a\u00e7\u0131k bir bi\u00e7imde k\u0131smen a\u00e7\u0131klamakla yetiniyor ve ba\u015fka bilgi vermeyece\u011fini s\u00f6yl\u00fcyor yahut sorulan sorular\u0131n bir k\u0131sm\u0131na cevap vermekten ka\u00e7\u0131n\u0131yor ve bu hususlara ili\u015fkin a\u00e7\u0131klama yapmayaca\u011f\u0131n\u0131 belirtiyor ise yalan tan\u0131kl\u0131k su\u00e7u olu\u015fmaz. Tan\u0131kl\u0131ktan \u00e7ekinme yetkisine sahip olan ki\u015finin bu yetkisini kullanmas\u0131 ise, ger\u00e7e\u011fin gizlenmesi \u015feklinde yorumlanamaz. \u00c7ekinme yetkisine sahip olup da bu yetkisini kullanmayan tan\u0131k ger\u00e7e\u011fe ayk\u0131r\u0131 beyanda bulunuyor ise yalan tan\u0131kl\u0131k su\u00e7u olu\u015fur ve 273\/1-b h\u00fckm\u00fc uygulanmaz.<\/p>\n<p style=\"text-align: justify;\"><strong>Su\u00e7un olu\u015fmas\u0131 i\u00e7in, tan\u0131kl\u0131\u011f\u0131n, tan\u0131k dinlemeye yetkili ki\u015fi veya kurul \u00f6n\u00fcnde yap\u0131lmas\u0131 \u015fartt\u0131r.<\/strong> <span style=\"color: #333399;\"><strong>\u00a0Merciin tan\u0131k dinleme yetkisi yoksa yalan tan\u0131kl\u0131k su\u00e7u olu\u015fmaz.<\/strong><\/span> TCK\u2019n\u0131n 272. maddesinin 1. f\u0131kras\u0131nda \u201chukuka ayk\u0131r\u0131 bir fiil nedeniyle ba\u015flat\u0131lan soru\u015fturma kapsam\u0131nda\u201d ifadesi kullan\u0131lmaktad\u0131r. D\u00fczenlemedeki \u201csoru\u015fturma\u201d ifadesi sadece ceza muhakemesinin bir evresi olan soru\u015fturma ile s\u0131n\u0131rl\u0131 \u015fekilde anla\u015f\u0131lmamal\u0131d\u0131r. \u201cHukuka ayk\u0131r\u0131 fiil\u201d ifadesinden de anla\u015f\u0131laca\u011f\u0131 \u00fczere, soru\u015fturman\u0131n su\u00e7 dolay\u0131s\u0131yla yap\u0131lmas\u0131 \u015fart olmay\u0131p, hukuka ayk\u0131r\u0131 bir fiil dolay\u0131s\u0131yla yap\u0131l\u0131yor olmas\u0131 yeterlidir.<span style=\"color: #333399;\"><strong> Dolay\u0131s\u0131yla, ceza soru\u015fturmas\u0131 ve\/veya kovu\u015fturmas\u0131, medeni muhakeme, idari soru\u015fturma, disiplin soru\u015fturmas\u0131 s\u0131ras\u0131nda tan\u0131k s\u0131fat\u0131 ile dinlenen ki\u015fi bu su\u00e7u i\u015fleyebilir. <\/strong><span style=\"color: #000000;\"><em>(\u00d6zbek ve di\u011ferleri, \u00d6zel H\u00fck\u00fcmler, s. 1098; Ya\u015far \/ G\u00f6kcan \/ Artu\u00e7, C. 6, s. 8184.-Yarg\u0131tay 9. CD, 6.3.2014, E. 2014\/170, K. 2014\/2503)(Gazi \u00dcniversitesi Hukuk Fak\u00fcltesi Dergisi C.XX, Y.16 Neslihan G\u00f6kt\u00fcrk)<\/em><\/span><\/span><\/p>\n<p style=\"text-align: justify;\"><span style=\"color: #993300;\"><strong>Ceza soru\u015fturmas\u0131nda sulh ceza hakimi ve Cumhuriyet savc\u0131s\u0131, ceza kovu\u015fturmas\u0131nda mahkeme, istinabe olunan mahkeme, naip hakim tan\u0131k dinleme yetkisine sahiptir.<\/strong><\/span><strong> Ceza soru\u015fturmas\u0131 s\u0131ras\u0131nda kollu\u011fun tan\u0131k dinlemeye yetkisi yoktur.<\/strong> Kollu\u011fun ara\u015ft\u0131rma faaliyetleri kapsam\u0131nda ifadelerine ba\u015fvurulmas\u0131 gerekli olan ki\u015fileri \u00e7a\u011f\u0131rma ve l\u00fczumlu olan \u015feyleri sorma yetkisi bulunmaktad\u0131r (PVSK m. 15\/1). Fakat kollu\u011fun gelmeyen tan\u0131klar\u0131 zorla getirme ve yemin verme yetkisi yoktur. Kolluk, olayla ilgili bilgisi bulunan ki\u015filere \u201cifade sahibi\u201d s\u0131fat\u0131yla ba\u015fvurur ve sordu\u011fu sorulara ili\u015fkin cevaplar\u0131 tutana\u011fa ge\u00e7irir; ancak bu i\u015flem s\u0131ras\u0131nda tan\u0131\u011f\u0131n dinlenmesine ili\u015fkin h\u00fck\u00fcmler uygulanmaz. Bu nedenle, s\u00f6z konusu i\u015flem teknik anlamda \u201ctan\u0131k dinleme\u201d olarak nitelendirilemez; <strong>kendine \u00f6zg\u00fc yap\u0131s\u0131 olan bir ara\u015ft\u0131rma ve bilgi toplama faaliyetidir. <\/strong><em>(Yarg\u0131tay 8. CD, 9.3.2015, E. 2014\/33358, K. 2015\/13307; Yarg\u0131tay 9. CD, 19.2.2014, E. 2014\/186, K. 2014\/1891; Yarg\u0131tay 9. CD, 24.9.2014, E. 2014\/4234, K. 2014\/9521; Yarg\u0131tay 9. CD, 18.3.2014, E. 2014\/799, K. 2014\/3092; Yarg\u0131tay 9. CD, 16.9.2014, E. 2013\/12880, K. 2014\/9146; Yarg\u0131tay 14. CD, 8.12.2014, E. 2013\/4154, K. 2014\/13852; Yarg\u0131tay 4. CD, 3.10.2012, E. 2011\/9302, K. 2012\/19328; Yarg\u0131tay 4. CD, 26.9.2012, E. 2011\/8448, K. 2012\/18513; Yarg\u0131tay 9. CD, 27.12.2012, E. 2012\/6920, K. 2012\/16000; Yarg\u0131tay 4. CD, 24.6.2009, E. 2009\/16212, K. 2009\/12656.)<\/em><\/p>\n<p style=\"text-align: justify;\"><strong>4483 say\u0131l\u0131 Kanun\u2019a g\u00f6re yap\u0131lan soru\u015fturmada, Meclis soru\u015fturmas\u0131nda (Anayasa m. 100), Tahkimde hakemlerin tan\u0131k dinleme yetkisi bulunmaktad\u0131r.<\/strong> Noterler ise, yemin ettirerek tan\u0131k dinlemeye kanunen yetkili ki\u015fi veya kurul olmad\u0131klar\u0131 gibi; hukuka ayk\u0131r\u0131 bir fiil nedeniyle ba\u015flat\u0131lan bir soru\u015fturmadan da s\u00f6z edilemeyece\u011fi i\u00e7in yalan tan\u0131kl\u0131k su\u00e7unun olu\u015fmas\u0131 m\u00fcmk\u00fcn de\u011fildir. Uluslararas\u0131 adli yard\u0131mla\u015fma \u00e7er\u00e7evesinde, T\u00fcrkiye\u2019de tan\u0131k dinlendi\u011fi ve tan\u0131\u011f\u0131n ger\u00e7e\u011fe ayk\u0131r\u0131 beyanda bulundu\u011fu durumda da yalan tan\u0131kl\u0131k su\u00e7u olu\u015fur.<\/p>\n<p style=\"text-align: justify;\"><strong>Tan\u0131\u011fa dinlenmeden \u00f6nce ger\u00e7e\u011fi s\u00f6ylemesinin \u00f6nemi, ger\u00e7e\u011fe ayk\u0131r\u0131 beyanda bulunmas\u0131 halinde yalan tan\u0131kl\u0131k su\u00e7undan dolay\u0131 cezaland\u0131r\u0131laca\u011f\u0131 hat\u0131rlat\u0131lmal\u0131d\u0131r (CMK m. 53). Bu hususun hat\u0131rlat\u0131lmamas\u0131, yalan tan\u0131kl\u0131k su\u00e7unun olu\u015fmas\u0131na engel de\u011fildir.<\/strong> \u00c7\u00fcnk\u00fc, tan\u0131\u011f\u0131n ger\u00e7e\u011fe ayk\u0131r\u0131 beyanda bulundu\u011funu bilerek hareket etti\u011fi bir durumda, bu hat\u0131rlatman\u0131n yap\u0131lmam\u0131\u015f olmas\u0131 kast\u0131n\u0131 ortadan kald\u0131rmaz. <em>(Artuk \/ G\u00f6kcen \/ Yenid\u00fcnya, TCK \u015eerhi, C. 5, s. 7831; \u00d6zbek ve di\u011ferleri, \u00d6zel H\u00fck\u00fcmler, s. 1100; Feyzio\u011flu, s. 239; Ya\u015far \/ G\u00f6kcan \/ Artu\u00e7, C. 6, s. 8187.) <\/em>Tan\u0131k; y\u00fck\u00fcml\u00fcl\u00fckleri ve haklar\u0131 konusunda bilgilendirilmemi\u015f olsa dahi, mahkeme veya yetkili merci huzurunda ger\u00e7e\u011fi s\u00f6yleme y\u00fck\u00fcml\u00fcl\u00fc\u011f\u00fc alt\u0131ndad\u0131r. Bu ba\u011flamda, tan\u0131kl\u0131ktan \u00e7ekinme yetkisi bulunan tan\u0131\u011fa bu yetkisinin hat\u0131rlat\u0131lmamas\u0131, yalan tan\u0131kl\u0131k su\u00e7unun olu\u015fmas\u0131n\u0131 \u00f6nlemez.<em>(Gazi \u00dcniversitesi Hukuk Fak\u00fcltesi Dergisi C.XX, Y.16 Neslihan G\u00f6kt\u00fcrk)<\/em><\/p>\n<p style=\"text-align: justify;\"><strong><span style=\"color: #993300;\">Tan\u0131\u011f\u0131n yemin edip etmemesinin su\u00e7un olu\u015fumu \u00fczerinde bir<\/span> <span style=\"color: #993300;\">etkisi yoktur.<\/span><\/strong> Tan\u0131k yemin etmese de, do\u011fruyu s\u00f6ylemekle y\u00fck\u00fcml\u00fcd\u00fcr; yemin verdirilmemesi do\u011fruyu s\u00f6yleme y\u00fck\u00fcml\u00fcl\u00fc\u011f\u00fcn\u00fc bertaraf etmez. \u015eayet tan\u0131k yemin ettirerek tan\u0131k dinlemeye yetkili ki\u015fi veya kurul \u00f6n\u00fcnde dinleniyor ise, su\u00e7un nitelikli hali (TCK m. 272\/2) olu\u015fur.<\/p>\n<p style=\"text-align: justify;\"><span style=\"color: #993300;\"><strong>Su\u00e7tan zarar g\u00f6ren ve ma\u011fdur tan\u0131k de\u011fildir. <\/strong><\/span>CMK\u2019n\u0131n 236\/1 h\u00fckm\u00fcnde yer alan \u201cMa\u011fdurun tan\u0131k olarak dinlenmesi halinde, yemin hari\u00e7, tan\u0131kl\u0131\u011fa ili\u015fkin h\u00fck\u00fcmler uygulan\u0131r\u201d \u015feklindeki d\u00fczenleme, m\u00fcnhas\u0131ran ma\u011fdurun dinlenmesinde tan\u0131\u011f\u0131n dinlenmesine ili\u015fkin usul h\u00fck\u00fcmlerine at\u0131fta bulunmakta olup; ma\u011fdurun \u201ctan\u0131k\u201d s\u0131fat\u0131yla dinlenece\u011fi \u015feklinde yorumlanmamal\u0131d\u0131r. <strong><span style=\"color: #993300;\">\u015e\u00fcpheli veya san\u0131k, kendisi hakk\u0131nda ba\u015flat\u0131lan soru\u015fturma ve<\/span> kovu\u015fturmada tan\u0131k olarak dinlenemez; bu nedenle yalan tan\u0131kl\u0131k su\u00e7unun faili olamaz.<\/strong> <em>(Artuk \/ G\u00f6kcen \/ Yenid\u00fcnya, TCK \u015eerhi, C. 5, s. 7833-Centel \/ Zafer, s. 245; \u015eahin \/ G\u00f6kt\u00fcrk, C. 2, s. 34-Tezcan \/ Erdem \/ \u00d6nok, \u00d6zel H\u00fck\u00fcmler, s. 1010; Artuk \/ G\u00f6kcen \/Yenid\u00fcnya, TCK \u015eerhi, C. 5, s. 7833; \u0130\u00e7er, s. 203) <\/em>\u015e\u00fcpheli s\u0131fat\u0131 ile soru\u015fturma evresinde ifadesi al\u0131nan ki\u015fi hakk\u0131nda kovu\u015fturmaya yer olmad\u0131\u011f\u0131 karar\u0131 verilmesi, ancak daha sonra bu ki\u015finin tan\u0131k s\u0131fat\u0131 ile duru\u015fmada dinlenmesi durumunda, \u015f\u00fcpheli s\u0131fat\u0131yla verdi\u011fi ifadede ger\u00e7e\u011fe ayk\u0131r\u0131 beyanda bulunmu\u015f olmas\u0131 dolay\u0131s\u0131yla yalan tan\u0131kl\u0131k su\u00e7u olu\u015fmaz. \u0130\u015ftirak halinde i\u015flenen su\u00e7larda su\u00e7 orta\u011f\u0131n\u0131n di\u011fer su\u00e7 orta\u011f\u0131na ili\u015fkin muhakemede dinlenmesinde, tan\u0131kl\u0131\u011fa ili\u015fkin h\u00fck\u00fcmler uygulanacak ise de, bu ki\u015fi uyu\u015fmazl\u0131\u011f\u0131n taraf\u0131 olmas\u0131 nedeni ile tan\u0131k de\u011fildir ve yalan tan\u0131kl\u0131k su\u00e7unun faili olamaz. Benzer \u015fekilde, hukuk davalar\u0131nda davac\u0131 ve daval\u0131 s\u0131fat\u0131n\u0131 ta\u015f\u0131yan ki\u015fi tan\u0131k olarak dinlenemez. Bu ki\u015filer, yaln\u0131zca yalan yere yemin su\u00e7unun (TCK m. 275) faili olabilirler. <em>(Yarg\u0131tay 11. CD, 20.2.2014, E. 2014\/11, K. 2014\/2951)<\/em><\/p>\n<p style=\"text-align: justify;\">4483 say\u0131l\u0131 Kanuna g\u00f6re \u00f6n soru\u015fturma ile g\u00f6revlendirilenler, hukuka ayk\u0131r\u0131 bir fiil nedeni ile idari soru\u015fturma veya disiplin soru\u015fturmas\u0131 ile g\u00f6revlendirilenler, tahkim h\u00fck\u00fcmleri gere\u011fi hakemler tan\u0131\u011fa yemin verme yetkisine sahip de\u011fildir. Bu nedenle bu merciler \u00f6n\u00fcnde ger\u00e7e\u011fe ayk\u0131r\u0131 beyanda bulunan tan\u0131k hakk\u0131nda 1. f\u0131kra h\u00fckm\u00fc uygulanacakt\u0131r.<\/p>\n<p style=\"text-align: justify;\"><strong>Aleyhine tan\u0131kl\u0131k yap\u0131lan ki\u015fi hakk\u0131nda g\u00f6zalt\u0131na alma ya da tutuklama karar\u0131n\u0131n verilmesi yeterli olmay\u0131p, <span style=\"color: #0000ff;\">karar\u0131n uygulanmaya ba\u015flanm\u0131\u015f olmas\u0131 gerekmektedir.<\/span><\/strong><\/p>\n<p style=\"text-align: justify;\">TCK m. 272\/6-7: Aleyhine tan\u0131kl\u0131kta bulunulan kimsenin a\u011f\u0131rla\u015ft\u0131r\u0131lm\u0131\u015f m\u00fcebbet hapis veya m\u00fcebbet hapis cezas\u0131na mahkumiyeti halinde, yirmi y\u0131ldan otuz y\u0131la kadar hapis cezas\u0131na h\u00fckmolunacakt\u0131r (TCK m. 272\/6)117, . Mahkumiyet karar\u0131n\u0131n kesinle\u015fmesi gerekmektedir. Aleyhine tan\u0131kl\u0131kta bulunulan kimsenin mahkum oldu\u011fu hapis cezas\u0131n\u0131n infaz\u0131na ba\u015flanm\u0131\u015f ise, bu ceza yar\u0131s\u0131 kadar art\u0131r\u0131lacakt\u0131r (TCK m. 272\/7)119. <span style=\"color: #993300;\"><strong><em>Bu h\u00fckm\u00fcn uygulanabilmesi i\u00e7in, mahkumiyet karar\u0131 ile yalan tan\u0131kl\u0131k aras\u0131nda nedensellik ba\u011f\u0131 bulunmal\u0131d\u0131r. <\/em><\/strong><em><span style=\"color: #000000;\">(Artuk \/ G\u00f6kcen \/ Yenid\u00fcnya, TCK \u015eerhi, C. 5, s. 7835; Ya\u015far \/ G\u00f6kcan \/ Artu\u00e7, C. 6, s.8194.)<\/span><\/em><\/span><\/p>\n<p style=\"text-align: justify;\"><span style=\"color: #993300;\"><strong>Yalan tan\u0131kl\u0131k su\u00e7u sadece kasten i\u015flenebilir,<\/strong><\/span> failin hangi ama\u00e7 ya da saikle hareket etti\u011fi \u00f6nem ta\u015f\u0131maz; fiilin taksirle i\u015flenen \u015fekli ise su\u00e7 olarak tan\u0131mlanmam\u0131\u015ft\u0131r. Failin, tan\u0131k s\u0131fat\u0131 ile ifade verdi\u011fini;\u00a0 a\u00e7\u0131klamalar\u0131n\u0131n ger\u00e7e\u011fi yans\u0131tmad\u0131\u011f\u0131n\u0131, ger\u00e7e\u011fi gizledi\u011fini bilmesi yeterlidir. Fiilin ger\u00e7e\u011fin gizlenmesi suretiyle ihmali bir davran\u0131\u015fla icra edilmesi durumunda, tan\u0131k ger\u00e7e\u011fi gizledi\u011finin ve gizledi\u011fi hususlar\u0131n maddi vak\u0131an\u0131n ispat\u0131 ile do\u011frudan ba\u011flant\u0131l\u0131 oldu\u011funu bilmelidir.<span style=\"color: #993300;\"><strong> Su\u00e7un olas\u0131 kastla i\u015flenmesi de m\u00fcmk\u00fcnd\u00fcr<\/strong><\/span>. <em>(Ya\u015far \/ G\u00f6kcan \/ Artu\u00e7, C. 6, s. 8194; Artuk \/ G\u00f6kcen \/ Yenid\u00fcnya, TCK \u015eerhi, C. 5, s. 7836; \u00d6zbek ve di\u011ferleri, \u00d6zel H\u00fck\u00fcmler, s. 1105; Tezcan \/Erdem \/ \u00d6nok, \u00d6zel H\u00fck\u00fcmler, s. 1012)<\/em><\/p>\n<p style=\"text-align: justify;\">Etkin pi\u015fmanl\u0131k i\u00e7in, failin yalan s\u00f6yledi\u011fini itiraf etmesi yeterli de\u011fildir; bunun yan\u0131nda ger\u00e7e\u011fi s\u00f6ylemesi gerekmektedir. Yalan tan\u0131kl\u0131k su\u00e7unun i\u015flenmesine azmettiren\u00a0 ya da yard\u0131mda bulunan s\u0131fat\u0131yla i\u015ftirak edenler de etkin pi\u015fmanl\u0131\u011fa ili\u015fkin h\u00fck\u00fcmden yararlanabilirler. <em>(Yarg\u0131tay 4. CD, 6.12.2011, E. 2009\/20331, K. 2011\/23236; Yarg\u0131tay 4. CD, 21.3.2011, E. 2009\/2368, K. 2011\/3505-Yarg\u0131tay 9. CD, 16.9.2014, E. 2013\/16608, K. 2014\/9155)<\/em><\/p>\n<p style=\"text-align: justify;\"><strong><span style=\"color: #993300;\">Sadece \u00e7eli\u015fkinin varl\u0131\u011f\u0131, su\u00e7un olu\u015ftu\u011funun<\/span> <span style=\"color: #993300;\">kabul\u00fc i\u00e7in yeterli de\u011fildir<\/span>;<\/strong> tan\u0131\u011f\u0131n yalan s\u00f6yledi\u011finin, \u00f6zellikle de kasten hareket etti\u011finin ispatlanmas\u0131 gerekir. Ayr\u0131ca, tan\u0131\u011f\u0131n beyan\u0131n\u0131n gerek\u00e7eli kararda yer alan mahkemenin kabul\u00fcnden farkl\u0131 olmas\u0131 da, her zaman tan\u0131\u011f\u0131n beyan\u0131n\u0131n ger\u00e7e\u011fe ayk\u0131r\u0131 oldu\u011funu g\u00f6stermez. <em>(Yarg\u0131tay 4. CD, 2.10.2012, 2011\/21151, K. 2012\/19087-Yarg\u0131tay 4. CD, 6.6.2012, E. 2012\/12060, K. 2012\/13844; Yarg\u0131tay 4. CD, 4.6.2012, E. 2010\/21542, K. 2012\/13275; Yarg\u0131tay 4. CD, 25.9.2012, E. 2012\/3633, K. 2012\/18583; Yarg\u0131tay 4. CD, 3.4.2012, E. 2010\/8984, K. 2012\/7779; Yarg\u0131tay 4. CD, 20.2.2012, E. 2011\/8715, K. 2012\/3305; Yarg\u0131tay 4. CD, 26.12.2011, E. 2011\/20448, K. 2011\/25165; Yarg\u0131tay 4. CD, 13.6.2011, E. 2009\/11087, K. 2011\/8095; Yarg\u0131tay 4. CD, 19.6.2007, E. 2007\/4942, K. 2007\/5803; Yarg\u0131tay 4. CD, 3.10.2007, E. 2006\/3657, K. 2007\/7651; Yarg\u0131tay 4. CD, 22.6.2010, E. 2008\/14213, K. 2010\/12227) <\/em>Tan\u0131k beyanlar\u0131n\u0131n aksi y\u00f6n\u00fcnde verilmi\u015f olan bir mahkeme karar\u0131n\u0131n bulunmas\u0131 halinde bile, tan\u0131\u011f\u0131n kasten ger\u00e7e\u011fe ayk\u0131r\u0131 beyanda bulundu\u011fu ispatlanm\u0131\u015f olmaz. Bu halde; yalan tan\u0131kl\u0131k fiili dolay\u0131s\u0131yla a\u00e7\u0131lan kamu davas\u0131n\u0131 g\u00f6rmekte olan mahkeme, yapaca\u011f\u0131 yarg\u0131lama sonucunda edindi\u011fi vicdani kanaatine g\u00f6re su\u00e7un olu\u015fup olu\u015fmad\u0131\u011f\u0131n\u0131 ve \u00f6zellikle manevi unsurun bulunup bulunmad\u0131\u011f\u0131n\u0131 takdir edecektir. <em>(Yarg\u0131tay 4. CD, 8513\/8526, T. 5.12.2000. Karar i\u00e7in bkz. Meran, T\u00fcrk Ceza Kanunu, s. 1326.-Askeri Yarg\u0131tay 1\u2019inci Daire Karar\u0131, E. 2006\/362, K. 2006\/417, T. <\/em><em>15.3.2006, AYD, Say\u0131: 20, Y\u0131l: 2007, s. 568.)<\/em><\/p>\n<p style=\"text-align: justify;\"><strong>Yalan tan\u0131kl\u0131k su\u00e7u dolay\u0131s\u0131yla a\u00e7\u0131lan davada, yarg\u0131lamay\u0131 yapan mahkemenin tan\u0131\u011f\u0131n dinlendi\u011fi uyu\u015fmazl\u0131\u011fa ili\u015fkin muhakeme dosyas\u0131n\u0131n asl\u0131 veya onayl\u0131 \u00f6rne\u011fini incelemesi gerekir.<\/strong><em> (Yarg\u0131tay 4. CD, 27.11.2006, E. 2005\/10185, K. 2006\/16800; Yarg\u0131tay 4. CD, 29.11.2006, E. 2005\/10566, K. 2006\/17048; Yarg\u0131tay 4. CD, 4.11.2008, E. 2008\/9661, K. 2008\/20918; Yarg\u0131tay 8. CD, 13.10.2009, E. 2007\/12487, K. 2009\/12606)<\/em><\/p>\n<p style=\"text-align: justify;\">Kural olarak tan\u0131\u011f\u0131n dinlendi\u011fi uyu\u015fmazl\u0131\u011fa ili\u015fkin muhakemeyi y\u00fcr\u00fcten merciin, yalan tan\u0131kl\u0131k su\u00e7undan dolay\u0131 yap\u0131lan yarg\u0131laman\u0131n sonucunu beklemesine gerek yoktur. Ancak gerekli g\u00f6r\u00fclmesi durumunda bekletici sorun yap\u0131labilir. Yalan tan\u0131kl\u0131\u011f\u0131n vuku buldu\u011fu dosyan\u0131n bekletici sorun yap\u0131lmas\u0131, \u0130stinaf ve Yarg\u0131tay s\u00fcre\u00e7lerini de kapsamaktad\u0131r.&#8221; Yalan tan\u0131kl\u0131k su\u00e7una konu \u00dcnye A\u011f\u0131r Ceza Mahkemesinin 2007\/67 dosyas\u0131n\u0131n asl\u0131 ya da onayl\u0131 \u00f6rne\u011finin getirtilip yarg\u0131tay denetimine olanak sa\u011flayacak bi\u00e7imde dosya i\u00e7erisine konulmas\u0131, sonucunun beklenmesi ve t\u00fcm kan\u0131tlar birlikte de\u011ferlendirilerek san\u0131\u011f\u0131n hukuki durumunun belirlenmesi gerekirken, eksik kovu\u015fturma ve yetersiz gerek\u00e7eyle h\u00fck\u00fcm kurulmas\u0131&#8230;<em>4.CD.9.10.2012,2010\/27496-2012\/20070)&#8221;-&#8221; <\/em>Yalan tan\u0131kl\u0131k su\u00e7una konu \u00c7at Sulh Ceza Mahkemesinde g\u00f6r\u00fclen 2006\/79 say\u0131l\u0131 davan\u0131n sonu\u00e7lanmas\u0131n\u0131n beklenmesi gerekti\u011finin g\u00f6zetilmemesi ayr\u0131ca san\u0131\u011f\u0131n soru\u015fturma a\u015famas\u0131ndaki 12.01.2007 tarihli beyan\u0131nda ger\u00e7e\u011fe d\u00f6nd\u00fc\u011f\u00fcn\u00fcn anla\u015f\u0131lmas\u0131 kar\u015f\u0131s\u0131nda TCY n\u0131n 274.maddesinin uygulanmas\u0131 gerekip gerekmedi\u011finin d\u00fc\u015f\u00fcn\u00fclmemesi, kanuna ayk\u0131r\u0131d\u0131r<em>&#8230;4.CD.25.04.2012,2010\/13176-2012\/9922)&#8221;<\/em><\/p>\n<\/blockquote>\n<p style=\"text-align: justify;\">TCK n\u0131n 273\/2 maddesi gere\u011fince \u00f6zel hukuk uyu\u015fmazl\u0131\u011f\u0131 kapsam\u0131nda bulunan ondokuzmay\u0131s asliye hukuk mahkemesinde g\u00f6r\u00fclen r\u00fccu davas\u0131nda tan\u0131k olarak dinlenen san\u0131\u011f\u0131n, TCK n\u0131n 273\/2. maddesindeki \u015fahsi cezas\u0131zl\u0131k veya cezan\u0131n azalt\u0131lmas\u0131n\u0131 gerektiren sebeplerden yararlanmas\u0131n\u0131n hukuken m\u00fcmk\u00fcn olmamas\u0131 kar\u015f\u0131s\u0131nda bu husustaki bozma d\u00fc\u015f\u00fcncesine i\u015ftirak edilmemi\u015ftir. <em>4.CD.18.09.,2012 ,2010\/28986-2012\/17297.<\/em><\/p>\n<p style=\"text-align: center;\"><span style=\"color: #ff0000;\"><strong>YARGITAY \u0130\u00c7T\u0130HATLARI :<\/strong><\/span><\/p>\n<p><center><span style=\"color: #993300;\"><strong>T.C.<\/strong><\/span><br \/>\n<span style=\"color: #993300;\"><strong>YARGITAY<\/strong><\/span><br \/>\n<span style=\"color: #993300;\"><strong>SEK\u0130Z\u0130NC\u0130 CEZA DA\u0130RES\u0130<\/strong><\/span><\/center><\/p>\n<table>\n<tbody>\n<tr>\n<td><span style=\"color: #993300;\"><strong>Esas<\/strong><\/span><\/td>\n<td><span style=\"color: #993300;\"><strong>: 2022\/286<\/strong><\/span><\/td>\n<\/tr>\n<tr>\n<td><span style=\"color: #993300;\"><strong>Karar<\/strong><\/span><\/td>\n<td><span style=\"color: #993300;\"><strong>: 2022\/6903<\/strong><\/span><\/td>\n<\/tr>\n<tr>\n<td><span style=\"color: #993300;\"><strong>Tarih<\/strong><\/span><\/td>\n<td><span style=\"color: #993300;\"><strong>: 11.05.2022<\/strong><\/span><\/td>\n<\/tr>\n<\/tbody>\n<\/table>\n<p style=\"text-align: justify;\">Yalan\u00a0tan\u0131kl\u0131k\u00a0su\u00e7unda failin, tan\u0131k dinlemeye yetkili ki\u015fi veya kurul \u00f6n\u00fcnde tan\u0131k s\u0131fat\u0131yla dinlenen bir kimse olmas\u0131 ve ger\u00e7e\u011fe ayk\u0131r\u0131 olarak beyanda bulunmas\u0131 gerekir.<\/p>\n<p style=\"text-align: justify;\">San\u0131k &#8230;\u2019in 19.09.2011 tarihli kollukta al\u0131nan beyan\u0131nda\u00a0yalan\u00a0tan\u0131kl\u0131k\u00a0<wbr \/>yapt\u0131\u011f\u0131 iddias\u0131 ile dava a\u00e7\u0131lm\u0131\u015f ise de; CMK.n\u0131n 43. maddesinin 5. f\u0131kras\u0131 h\u00fckm\u00fc kar\u015f\u0131s\u0131nda tan\u0131k dinleme yetkisi bulunmayan kolluk taraf\u0131ndan d\u00fczenlenen bilgi alma tutana\u011f\u0131ndaki beyanlar nedeniyle\u00a0yalan\u00a0tan\u0131kl\u0131k\u00a0<wbr \/>su\u00e7unun unsurlar\u0131 itibariyle olu\u015fmayaca\u011f\u0131 g\u00f6zetilmeden, olu\u015fmayan su\u00e7 nedeniyle san\u0131\u011f\u0131n beraati yerine yerine yaz\u0131l\u0131 \u015fekilde mahkumiyet h\u00fckm\u00fc kurulmas\u0131,<\/p>\n<p><center><span style=\"color: #993300;\"><strong>T.C.<\/strong><\/span><br \/>\n<span style=\"color: #993300;\"><strong>YARGITAY<\/strong><\/span><br \/>\n<span style=\"color: #993300;\"><strong>SEK\u0130Z\u0130NC\u0130 CEZA DA\u0130RES\u0130<\/strong><\/span><\/center><\/p>\n<table>\n<tbody>\n<tr>\n<td><span style=\"color: #993300;\"><strong>Esas<\/strong><\/span><\/td>\n<td><span style=\"color: #993300;\"><strong>: 2020\/11316<\/strong><\/span><\/td>\n<\/tr>\n<tr>\n<td><span style=\"color: #993300;\"><strong>Karar<\/strong><\/span><\/td>\n<td><span style=\"color: #993300;\"><strong>: 2021\/4630<\/strong><\/span><\/td>\n<\/tr>\n<tr>\n<td><span style=\"color: #993300;\"><strong>Tarih<\/strong><\/span><\/td>\n<td><span style=\"color: #993300;\"><strong>: 25.03.2021<\/strong><\/span><\/td>\n<\/tr>\n<\/tbody>\n<\/table>\n<p style=\"text-align: justify;\">Yalan\u00a0tan\u0131kl\u0131k\u00a0su\u00e7unda failin, tan\u0131k dinlemeye yetkili ki\u015fi veya kurul \u00f6n\u00fcnde tan\u0131k s\u0131fat\u0131yla dinlenen bir kimse olmas\u0131 ve ger\u00e7e\u011fe ayk\u0131r\u0131 olarak beyanda bulunmas\u0131 gerekir.<\/p>\n<p style=\"text-align: justify;\">San\u0131k &#8230;\u2019in 07.02.2010 tarihli kollukta al\u0131nan beyan\u0131nda &#8230; ve &#8230;\u2019un kendisine uyu\u015fturucu madde temin ettikleri \u015feklinde beyanda bulundu\u011fu ve bu iddialar nedeniyle a\u00e7\u0131lan davada bu beyan\u0131ndan d\u00f6nerek uyu\u015fturucu maddeyi ba\u015fka bir kimseden sat\u0131n ald\u0131\u011f\u0131n\u0131 belirtti\u011fi, A\u011f\u0131r Ceza Mahkemesince yap\u0131lan ara\u015ft\u0131rmada dosya san\u0131klar\u0131 olan&#8230;ve &#8230;\u2018un getirtilen HTS kay\u0131tlar\u0131na g\u00f6re olay tarihinde Salihli il\u00e7esinde ve Razl\u0131 mahallesinde olmad\u0131klar\u0131n\u0131n saptand\u0131\u011f\u0131 ve haklar\u0131nda delil yetersizli\u011fi nedeniyle bearaat karar\u0131 verildi\u011fi anla\u015f\u0131lmas\u0131 kar\u015f\u0131s\u0131nda; mahkemedeki beyan\u0131n\u00a0yalan\u00a0oldu\u011funa ili\u015fkin bir kan\u0131t bulunmamas\u0131 ve CMK.n\u0131n 43. maddesinin 5. f\u0131kras\u0131 uyar\u0131nca tan\u0131k dinleme yetkisi bulunmayan kolluk taraf\u0131ndan d\u00fczenlenen bilgi alma tutana\u011f\u0131ndaki beyanlar nedeniyle\u00a0yalan\u00a0tan\u0131kl\u0131k\u00a0<wbr \/>su\u00e7unun unsurlar\u0131 itibariyle olu\u015fmayaca\u011f\u0131 g\u00f6zetilmeden, san\u0131\u011f\u0131n beraaati yerine yerine yaz\u0131l\u0131 \u015fekilde mahkumiyet h\u00fckm\u00fc kurulmas\u0131,<\/p>\n<p><center><span style=\"color: #993300;\"><strong>T.C.<\/strong><\/span><br \/>\n<span style=\"color: #993300;\"><strong>YARGITAY<\/strong><\/span><br \/>\n<span style=\"color: #993300;\"><strong>SEK\u0130Z\u0130NC\u0130 CEZA DA\u0130RES\u0130<\/strong><\/span><\/center><\/p>\n<table>\n<tbody>\n<tr>\n<td><span style=\"color: #993300;\"><strong>Esas<\/strong><\/span><\/td>\n<td><span style=\"color: #993300;\"><strong>: 2019\/15871<\/strong><\/span><\/td>\n<\/tr>\n<tr>\n<td><span style=\"color: #993300;\"><strong>Karar<\/strong><\/span><\/td>\n<td><span style=\"color: #993300;\"><strong>: 2021\/2129<\/strong><\/span><\/td>\n<\/tr>\n<tr>\n<td><span style=\"color: #993300;\"><strong>Tarih<\/strong><\/span><\/td>\n<td><span style=\"color: #993300;\"><strong>: 11.02.2021<\/strong><\/span><\/td>\n<\/tr>\n<\/tbody>\n<\/table>\n<p style=\"text-align: justify;\">Yalan\u00a0tan\u0131kl\u0131k\u00a0su\u00e7unun olu\u015fabilmesi i\u00e7in failin ger\u00e7e\u011fe ayk\u0131r\u0131 a\u00e7\u0131klamalar\u0131n\u0131n tan\u0131k olarak g\u00f6revlendirildi\u011fi konu ve olayla ilgili olmas\u0131 gerekmekte olup, tan\u0131kl\u0131\u011f\u0131n konusu d\u0131\u015f\u0131ndaki a\u00e7\u0131klamalardaki ger\u00e7e\u011fe ayk\u0131r\u0131l\u0131k at\u0131l\u0131\u00a0su\u00e7u\u00a0olu\u015fturmayacakt\u0131r.<\/p>\n<p style=\"text-align: justify;\">San\u0131\u011f\u0131n\u00a0yalan\u00a0tan\u0131kl\u0131k\u00a0yapt\u0131\u011f\u0131 iddia edilen h\u0131rs\u0131zl\u0131k eyleminin su\u00e7 tarihinin 14\/09\/2013 oldu\u011funu, san\u0131\u011f\u0131n ise bijon anahtar\u0131n\u0131 Ramazan ay\u0131 i\u00e7erisinde g\u00f6t\u00fcrd\u00fc\u011f\u00fcn\u00fc beyan etti\u011fi, Ramazan ay\u0131n\u0131n su\u00e7 tarihinden 2-3 ay \u00f6nce Temmuz ay\u0131na denk geldi\u011fi anla\u015f\u0131lmakla san\u0131\u011f\u0131n tan\u0131kl\u0131\u011f\u0131n\u0131n h\u0131rs\u0131zl\u0131k olay\u0131n\u0131n tarihine ili\u015fkin olmad\u0131\u011f\u0131 anla\u015f\u0131lmakla unsurlar\u0131 olu\u015fmayan su\u00e7tan beraat karar\u0131 verilmesi gerekirken yaz\u0131l\u0131 \u015fekilde h\u00fck\u00fcm tesisi,<\/p>\n<p><center><span style=\"color: #993300;\"><strong>T.C.<\/strong><\/span><br \/>\n<span style=\"color: #993300;\"><strong>YARGITAY<\/strong><\/span><br \/>\n<span style=\"color: #993300;\"><strong>SEK\u0130Z\u0130NC\u0130 CEZA DA\u0130RES\u0130<\/strong><\/span><\/center><\/p>\n<table>\n<tbody>\n<tr>\n<td><span style=\"color: #993300;\"><strong>Esas<\/strong><\/span><\/td>\n<td><span style=\"color: #993300;\"><strong>: 2020\/3081<\/strong><\/span><\/td>\n<\/tr>\n<tr>\n<td><span style=\"color: #993300;\"><strong>Karar<\/strong><\/span><\/td>\n<td><span style=\"color: #993300;\"><strong>: 2020\/17145<\/strong><\/span><\/td>\n<\/tr>\n<tr>\n<td><span style=\"color: #993300;\"><strong>Tarih<\/strong><\/span><\/td>\n<td><span style=\"color: #993300;\"><strong>: 19.10.2020<\/strong><\/span><\/td>\n<\/tr>\n<\/tbody>\n<\/table>\n<p style=\"text-align: justify;\">San\u0131k &#8230;&#8217;un Bergama Cumhuriyet Ba\u015fsavc\u0131l\u0131\u011f\u0131&#8217;n\u0131n 2006\/794 soru\u015fturma numaral\u0131 dosyas\u0131nda 30.03.2006 tarihinde Cumhuriyet Savc\u0131s\u0131 huzurunda tan\u0131k s\u0131fat\u0131yla ifadesinin al\u0131nd\u0131\u011f\u0131 ve kat\u0131lan hakk\u0131nda\u00a0yalan\u00a0ifade verdi\u011fi g\u00f6z \u00f6n\u00fcne al\u0131narak san\u0131k hakk\u0131nda\u00a0yalan\u00a0tan\u0131kl\u0131k\u00a0<wbr \/>su\u00e7undan h\u00fck\u00fcm kurulmas\u0131 gerekirken yaz\u0131l\u0131 \u015fekilde iftira su\u00e7undan h\u00fck\u00fcm kurulmas\u0131,<\/p>\n<p><center><span style=\"color: #993300;\"><strong>T.C.<\/strong><\/span><br \/>\n<span style=\"color: #993300;\"><strong>YARGITAY<\/strong><\/span><br \/>\n<span style=\"color: #993300;\"><strong>SEK\u0130Z\u0130NC\u0130 CEZA DA\u0130RES\u0130<\/strong><\/span><\/center><\/p>\n<table>\n<tbody>\n<tr>\n<td><span style=\"color: #993300;\"><strong>Esas<\/strong><\/span><\/td>\n<td><span style=\"color: #993300;\"><strong>: 2018\/1159<\/strong><\/span><\/td>\n<\/tr>\n<tr>\n<td><span style=\"color: #993300;\"><strong>Karar<\/strong><\/span><\/td>\n<td><span style=\"color: #993300;\"><strong>: 2020\/16366<\/strong><\/span><\/td>\n<\/tr>\n<tr>\n<td><span style=\"color: #993300;\"><strong>Tarih<\/strong><\/span><\/td>\n<td><span style=\"color: #993300;\"><strong>: 30.09.2020<\/strong><\/span><\/td>\n<\/tr>\n<\/tbody>\n<\/table>\n<p style=\"text-align: justify;\">Yalan\u00a0tan\u0131kl\u0131k\u00a0su\u00e7unda failin, tan\u0131k dinlemeye yetkili ki\u015fi veya kurul \u00f6n\u00fcnde tan\u0131k s\u0131fat\u0131yla dinlenen bir kimse olmas\u0131 ve ger\u00e7e\u011fe ayk\u0131r\u0131 olarak beyanda bulunmas\u0131 gerekir.<\/p>\n<p style=\"text-align: justify;\">San\u0131\u011f\u0131n, yemin ettirmek suretiyle tan\u0131k dinleme yetkisi bulunmayan kolluk taraf\u0131ndan d\u00fczenlenen \u015f\u00fcpheli ifade alma tutana\u011f\u0131ndaki anlat\u0131m\u0131 ile Cumhuriyet Savc\u0131l\u0131\u011f\u0131&#8217;nca al\u0131nan beyan\u0131 aras\u0131ndaki \u00e7eli\u015fkinin\u00a0yalan\u00a0tan\u0131kl\u0131k\u00a0<wbr \/>su\u00e7u\u00a0i\u00e7in kesin kan\u0131t niteli\u011finde olmad\u0131\u011f\u0131, CMK&#8217;n\u0131n 45. maddesi ve devam\u0131 maddelerinde belirtilen hak ve sorumluluklar\u0131 hat\u0131rlat\u0131lmadan savunma kapsam\u0131nda al\u0131nan s\u00f6zlerinin\u00a0yalan\u00a0tan\u0131kl\u0131k\u00a0<wbr \/>mahiyetinde olmad\u0131\u011f\u0131 anla\u015f\u0131lmakla beraati yerine yaz\u0131l\u0131 \u015fekilde mahkumiyetine karar verilmesi,<\/p>\n<p><center><span style=\"color: #993300;\"><strong>T.C.<\/strong><\/span><br \/>\n<span style=\"color: #993300;\"><strong>YARGITAY<\/strong><\/span><br \/>\n<span style=\"color: #993300;\"><strong>SEK\u0130Z\u0130NC\u0130 CEZA DA\u0130RES\u0130<\/strong><\/span><\/center><\/p>\n<table>\n<tbody>\n<tr>\n<td><span style=\"color: #993300;\"><strong>Esas<\/strong><\/span><\/td>\n<td><span style=\"color: #993300;\"><strong>: 2018\/9890<\/strong><\/span><\/td>\n<\/tr>\n<tr>\n<td><span style=\"color: #993300;\"><strong>Karar<\/strong><\/span><\/td>\n<td><span style=\"color: #993300;\"><strong>: 2020\/16256<\/strong><\/span><\/td>\n<\/tr>\n<tr>\n<td><span style=\"color: #993300;\"><strong>Tarih<\/strong><\/span><\/td>\n<td><span style=\"color: #993300;\"><strong>: 29.09.2020<\/strong><\/span><\/td>\n<\/tr>\n<\/tbody>\n<\/table>\n<p style=\"text-align: justify;\">San\u0131klar\u0131n soru\u015fturma safhas\u0131ndaki ifadelerini yeminsiz ve \u015f\u00fcpheli s\u0131fat\u0131yla verdikleri, bu nedenle\u00a0yalan\u00a0tan\u0131kl\u0131k\u00a0su\u00e7unun konusu olamayaca\u011f\u0131, Of Asliye Ceza Mahkemesinin 2012\/46 esas say\u0131l\u0131 dosyas\u0131nda ise san\u0131klar\u0131n beyanlar\u0131 do\u011frultusunda &#8230; &#8230;&#8217;\u0131n beraatine karar verildi\u011fi g\u00f6zetildi\u011finde, iki ifade aras\u0131nda farkl\u0131l\u0131k olu\u015fmas\u0131n\u0131n tek ba\u015f\u0131na\u00a0yalan\u00a0tan\u0131kl\u0131k\u00a0i\u00e7in yeterli olamayaca\u011f\u0131, a\u00e7\u0131k\u00e7a maddi ger\u00e7e\u011fe ayk\u0131r\u0131\u00a0tan\u0131kl\u0131k\u00a0yap\u0131ld\u0131\u011f\u0131n\u0131n ba\u015fkaca kesin bilgi ve bulgularla saptanamamas\u0131 kar\u015f\u0131s\u0131nda, san\u0131klar\u0131n \u00fczerlerine at\u0131l\u0131 su\u00e7un unsurlar\u0131n\u0131n olu\u015fmad\u0131\u011f\u0131ndan beraatleri yerine, yaz\u0131l\u0131 \u015fekilde mahkumiyetlerine karar\u0131 verilmesi,<\/p>\n<p><center><span style=\"color: #993300;\"><strong>T.C.<\/strong><\/span><br \/>\n<span style=\"color: #993300;\"><strong>YARGITAY<\/strong><\/span><br \/>\n<span style=\"color: #993300;\"><strong>SEK\u0130Z\u0130NC\u0130 CEZA DA\u0130RES\u0130<\/strong><\/span><\/center><\/p>\n<table>\n<tbody>\n<tr>\n<td><span style=\"color: #993300;\"><strong>Esas<\/strong><\/span><\/td>\n<td><span style=\"color: #993300;\"><strong>: 2020\/4039<\/strong><\/span><\/td>\n<\/tr>\n<tr>\n<td><span style=\"color: #993300;\"><strong>Karar<\/strong><\/span><\/td>\n<td><span style=\"color: #993300;\"><strong>: 2022\/7631<\/strong><\/span><\/td>\n<\/tr>\n<tr>\n<td><span style=\"color: #993300;\"><strong>Tarih<\/strong><\/span><\/td>\n<td><span style=\"color: #993300;\"><strong>: 24.05.2022<\/strong><\/span><\/td>\n<\/tr>\n<\/tbody>\n<\/table>\n<p style=\"text-align: justify;\">Yalan\u00a0tan\u0131kl\u0131k\u00a0su\u00e7unda failin, tan\u0131k dinlemeye yetkili ki\u015fi veya kurul \u00f6n\u00fcnde tan\u0131k s\u0131fat\u0131yla dinlenen bir kimse olmas\u0131 ve ger\u00e7e\u011fe ayk\u0131r\u0131 olarak beyanda bulunmas\u0131 gerekir.<\/p>\n<p style=\"text-align: justify;\">San\u0131\u011f\u0131n 17.07.2014 tarihli kollukta d\u00fczenlenen te\u015fhis tutana\u011f\u0131nda ve al\u0131nan beyan\u0131nda &#8230; ve&#8230;\u2019den daha \u00f6nce ve \u00fczerinde ele ge\u00e7en uyu\u015fturucu maddeyi ald\u0131\u011f\u0131 \u015feklinde beyanda bulundu\u011fu ve bu iddialar nedeniyle a\u00e7\u0131lan davada bu beyan\u0131ndan d\u00f6nerek daha \u00f6nce su\u00e7a s\u00fcr\u00fcklenen \u00e7ocuklardan uyu\u015fturucu madde sat\u0131n ald\u0131\u011f\u0131n\u0131 ancak olay tarihinde ele ge\u00e7en uyu\u015fturucu maddeyi ba\u015fka birinden sat\u0131n ald\u0131\u011f\u0131n\u0131 belirtti\u011fi, A\u011f\u0131r Ceza Mahkemesince yap\u0131lan yarg\u0131lamada uyu\u015fturucu veya uyar\u0131c\u0131 madde ticareti yapma veya sa\u011flama su\u00e7undan &#8230; ve &#8230; \u2019in mahkumiyetlerine karar\u0131 verildi\u011fi anla\u015f\u0131lmakla; mahkemedeki beyan\u0131n\u00a0yalan\u00a0oldu\u011funa ili\u015fkin bir kan\u0131t bulunmamas\u0131 ve CMK.n\u0131n 43. maddesinin 5. f\u0131kras\u0131 uyar\u0131nca tan\u0131k dinleme yetkisi bulunmayan kolluk taraf\u0131ndan d\u00fczenlenen bilgi alma tutana\u011f\u0131ndaki beyanlar nedeniyle\u00a0yalan\u00a0tan\u0131kl\u0131k\u00a0<wbr \/>su\u00e7unun\u00a0unsurlar\u0131\u00a0itibariyle olu\u015fmayaca\u011f\u0131 g\u00f6zetilmeden, san\u0131\u011f\u0131n beraaati yerine yerine yaz\u0131l\u0131 \u015fekilde mahkumiyet h\u00fckm\u00fc kurulmas\u0131,<\/p>\n<p><center><span style=\"color: #993300;\"><strong>T.C.<\/strong><\/span><br \/>\n<span style=\"color: #993300;\"><strong>YARGITAY<\/strong><\/span><br \/>\n<span style=\"color: #993300;\"><strong>SEK\u0130Z\u0130NC\u0130 CEZA DA\u0130RES\u0130<\/strong><\/span><\/center><\/p>\n<table>\n<tbody>\n<tr>\n<td><span style=\"color: #993300;\"><strong>Esas<\/strong><\/span><\/td>\n<td><span style=\"color: #993300;\"><strong>: 2020\/10929<\/strong><\/span><\/td>\n<\/tr>\n<tr>\n<td><span style=\"color: #993300;\"><strong>Karar<\/strong><\/span><\/td>\n<td><span style=\"color: #993300;\"><strong>: 2021\/18012<\/strong><\/span><\/td>\n<\/tr>\n<tr>\n<td><span style=\"color: #993300;\"><strong>Tarih<\/strong><\/span><\/td>\n<td><span style=\"color: #993300;\"><strong>: 23.09.2021<\/strong><\/span><\/td>\n<\/tr>\n<\/tbody>\n<\/table>\n<p style=\"text-align: justify;\">San\u0131\u011f\u0131n Bozdo\u011fan Asliye Hukuk Mahkemesinde verdi\u011fi ifadede, dava konusu ta\u015f\u0131nmaz\u0131n sat\u0131\u015f\u0131na ve daval\u0131n\u0131n k\u00f6ydeki durumlar\u0131na ili\u015fkin bildi\u011fi, duydu\u011fu kadar\u0131yla genel beyanlarda bulundu\u011fu, &#8230;\u2019in evlilik tarihine ve yurt d\u0131\u015f\u0131 giri\u015f \u00e7\u0131k\u0131\u015flar\u0131na ili\u015fkin kesin bir ifadelerinin olmad\u0131\u011f\u0131 hususlar\u0131 g\u00f6zetildi\u011finde at\u0131l\u0131\u00a0yalan\u00a0tan\u0131kl\u0131k\u00a0su\u00e7unun\u00a0<wbr \/>unsurlar\u0131\u00a0itibariyle olu\u015fmad\u0131\u011f\u0131 g\u00f6zetilmeden san\u0131\u011f\u0131n beraati yerine yaz\u0131l\u0131 \u015fekilde mahkumiyetine karar verilmesi,<\/p>\n<p><center><span style=\"color: #993300;\"><strong>T.C.<\/strong><\/span><br \/>\n<span style=\"color: #993300;\"><strong>YARGITAY<\/strong><\/span><br \/>\n<span style=\"color: #993300;\"><strong>ONBE\u015e\u0130NC\u0130 CEZA DA\u0130RES\u0130<\/strong><\/span><\/center><\/p>\n<table>\n<tbody>\n<tr>\n<td><span style=\"color: #993300;\"><strong>Esas<\/strong><\/span><\/td>\n<td><span style=\"color: #993300;\"><strong>: 2017\/28736<\/strong><\/span><\/td>\n<\/tr>\n<tr>\n<td><span style=\"color: #993300;\"><strong>Karar<\/strong><\/span><\/td>\n<td><span style=\"color: #993300;\"><strong>: 2020\/9128<\/strong><\/span><\/td>\n<\/tr>\n<tr>\n<td><span style=\"color: #993300;\"><strong>Tarih<\/strong><\/span><\/td>\n<td><span style=\"color: #993300;\"><strong>: 24.09.2020<\/strong><\/span><\/td>\n<\/tr>\n<\/tbody>\n<\/table>\n<p style=\"text-align: justify;\">Gaziantep Cumhuriyet Ba\u015fsavc\u0131l\u0131\u011f\u0131&#8217;n\u0131n 08\/01\/2008 tarihli iddianamesi ile, san\u0131klar &#8230; ile &#8230; hakk\u0131nda \u201cResmi belgede sahtecilik\u201d ve \u201cYalan\u00a0Tan\u0131kl\u0131k\u201d su\u00e7lar\u0131ndan kamu davas\u0131 a\u00e7\u0131ld\u0131\u011f\u0131, mahkemece san\u0131klar\u0131n eylemi k\u00fcl halinde kanun h\u00fckm\u00fc gere\u011fi sahteli\u011fi sabit oluncaya kadar ge\u00e7erli resmi belgede sahtecilik\u00a0su\u00e7u\u00a0olarak sabit g\u00f6r\u00fclm\u00fc\u015f ise de, dosya kapsam\u0131nda san\u0131klar\u0131n Gaziantep 2.Asliye Hukuk Mahkemesi&#8217;nde di\u011fer san\u0131k &#8230; &#8230;n\u0131n \u201cTapu kay\u0131t tashihi davas\u0131nda\u201d tan\u0131k olarak g\u00f6rev yapt\u0131klar\u0131, dosyada al\u0131nan beyanlar\u0131nda davaya konu ta\u015f\u0131nmazlar\u0131 bildikleri ancak malinin baba ismini tam olarak bilmedikleri y\u00f6n\u00fcnde beyanda bulunduklar\u0131, s\u00f6z konusu tan\u0131k anlat\u0131mlar\u0131n\u0131n tek ba\u015f\u0131na mahkeme hakimini ba\u011flamad\u0131\u011f\u0131 gibi ta\u015f\u0131nmaz\u0131n ger\u00e7ek malikini ara\u015ft\u0131rma y\u00fck\u00fcml\u00fcl\u00fc\u011f\u00fcn\u00fc de ortadan kald\u0131rmad\u0131\u011f\u0131, bu nedenle eylemde resmi belgede sahtecilik su\u00e7unun unsurlar\u0131n\u0131n bulunmad\u0131\u011f\u0131, olu\u015fan eylemin s\u00fcbut buldu\u011funda k\u00fcl halinde \u201cyalan\u00a0tan\u0131kl\u0131k\u201d su\u00e7unu olu\u015fturdu\u011fu, ancak san\u0131klar\u0131n eylemine uyan\u00a0yalan\u00a0tan\u0131kl\u0131k\u00a0su\u00e7unun gerektirdi\u011fi cezan\u0131n miktar ve nevi itibariyle, TCK&#8217;n\u0131n 272\/2, 66\/1-e ve 67\/4 maddelerine g\u00f6re hesaplanan 12 y\u0131ll\u0131k dava zamana\u015f\u0131m\u0131 s\u00fcresinin, su\u00e7 tarihleri ile inceleme tarihi aras\u0131nda ger\u00e7ekle\u015fti\u011fi anla\u015f\u0131ld\u0131\u011f\u0131ndan,<\/p>\n<p><center><span style=\"color: #993300;\"><strong>T.C.<\/strong><\/span><br \/>\n<span style=\"color: #993300;\"><strong>YARGITAY<\/strong><\/span><br \/>\n<span style=\"color: #993300;\"><strong>SEK\u0130Z\u0130NC\u0130 CEZA DA\u0130RES\u0130<\/strong><\/span><\/center><\/p>\n<table>\n<tbody>\n<tr>\n<td><span style=\"color: #993300;\"><strong>Esas<\/strong><\/span><\/td>\n<td><span style=\"color: #993300;\"><strong>: 2019\/17249<\/strong><\/span><\/td>\n<\/tr>\n<tr>\n<td><span style=\"color: #993300;\"><strong>Karar<\/strong><\/span><\/td>\n<td><span style=\"color: #993300;\"><strong>: 2019\/15669<\/strong><\/span><\/td>\n<\/tr>\n<tr>\n<td><span style=\"color: #993300;\"><strong>Tarih<\/strong><\/span><\/td>\n<td><span style=\"color: #993300;\"><strong>: 24.12.2019<\/strong><\/span><\/td>\n<\/tr>\n<\/tbody>\n<\/table>\n<p style=\"text-align: justify;\">\u0130cra M\u00fcd\u00fcrl\u00fc\u011f\u00fc g\u00f6revlilerince haciz i\u015flemi yap\u0131ld\u0131\u011f\u0131 s\u0131rada al\u0131nan beyan\u0131nda\u00a0yalan\u00a0tan\u0131kl\u0131k\u00a0<wbr \/>yapt\u0131\u011f\u0131 iddia ve kabul edilmi\u015f ise de; CMK&#8217;n\u0131n 43\/5 mad. kar\u015f\u0131s\u0131nda tan\u0131k dinleme yetkisi bulunmayan icra m\u00fcd\u00fcrl\u00fc\u011f\u00fc g\u00f6revlileri taraf\u0131ndan d\u00fczenlenen haciz tutana\u011f\u0131ndaki beyan nedeniyle\u00a0yalan\u00a0tan\u0131kl\u0131k\u00a0<wbr \/>su\u00e7unun\u00a0unsurlar\u0131\u00a0itibariyle olu\u015fmayaca\u011f\u0131 g\u00f6zetilmeden, san\u0131\u011f\u0131n beraati mahkumiyetine karar verilmesi yasaya ayk\u0131r\u0131d\u0131r.<\/p>\n<p><center><span style=\"color: #993300;\"><strong>T.C.<\/strong><\/span><br \/>\n<span style=\"color: #993300;\"><strong>YARGITAY<\/strong><\/span><br \/>\n<span style=\"color: #993300;\"><strong>CEZA GENEL KURULU<\/strong><\/span><\/center><\/p>\n<table>\n<tbody>\n<tr>\n<td><span style=\"color: #993300;\"><strong>Esas<\/strong><\/span><\/td>\n<td><span style=\"color: #993300;\"><strong>: 2015\/45<\/strong><\/span><\/td>\n<\/tr>\n<tr>\n<td><span style=\"color: #993300;\"><strong>Karar<\/strong><\/span><\/td>\n<td><span style=\"color: #993300;\"><strong>: 2018\/224<\/strong><\/span><\/td>\n<\/tr>\n<tr>\n<td><span style=\"color: #993300;\"><strong>Tarih<\/strong><\/span><\/td>\n<td><span style=\"color: #993300;\"><strong>: 22.05.2018<\/strong><\/span><\/td>\n<\/tr>\n<\/tbody>\n<\/table>\n<p style=\"text-align: justify;\">Uyu\u015fmazl\u0131k; san\u0131\u011f\u0131n eyleminin su\u00e7 uydurma su\u00e7unu mu, yoksa resmi belgenin d\u00fczenlenmesinde yalan beyan su\u00e7unu mu olu\u015fturdu\u011funun belirlenmesine ili\u015fkindir. Tan\u0131\u011f\u0131n cep telefonunun \u00e7al\u0131nd\u0131\u011f\u0131n\u0131 kendisine anlatmas\u0131 \u00fczerine san\u0131\u011f\u0131n, su\u00e7a konu telefonu kendisininmi\u015f gibi m\u00fcracaatta bulunup olay\u0131n ma\u011fduru oldu\u011funu belirtmesi, su\u00e7un i\u015flenme \u015fekli, yeri ile zaman\u0131 gibi hususlarda olay\u0131, \u00f6z\u00fcn\u00fc de\u011fi\u015ftirecek nitelikte farkl\u0131 anlatmas\u0131 kar\u015f\u0131s\u0131nda, i\u015flenmedi\u011fini bildi\u011fi yeni ve farkl\u0131 bir su\u00e7u i\u015flenmi\u015f gibi ihbar etti\u011fi, ger\u00e7e\u011fe ayk\u0131r\u0131 olarak yapt\u0131\u011f\u0131 eklemeler nedeniyle ba\u015fka soru\u015fturma i\u015flemlerinin yap\u0131ld\u0131\u011f\u0131, b\u00f6ylece adli makamlar\u0131n gereksiz yere i\u015fgal edildi\u011fi ve yanl\u0131\u015f yollara y\u00f6nlendirildi\u011fi anla\u015f\u0131ld\u0131\u011f\u0131ndan eyleminin su\u00e7 uydurma su\u00e7unu olu\u015fturdu\u011funun kabul\u00fc gerekmektedir. \u00d6te yandan, san\u0131\u011f\u0131n ger\u00e7e\u011fe ayk\u0131r\u0131 beyan\u0131 \u00fczerine 16.09.2010 ve 19.10.2010 tarihli ifade tutanaklar\u0131n\u0131n tanzim edilmi\u015f olmas\u0131 nedeniyle su\u00e7 uydurma su\u00e7unun yan\u0131 s\u0131ra resmi belgenin d\u00fczenlenmesinde yalan beyan su\u00e7unun olu\u015ftu\u011fundan s\u00f6z etmek m\u00fcmk\u00fcn ise de TCK\u2019n\u0131n 206. maddesinde genel olarak her t\u00fcrl\u00fc yalan beyan\u0131n, ayn\u0131 Kanun\u2019un 271. maddesinde ise daha \u00f6zel bi\u00e7imde bir su\u00e7un i\u015flendi\u011fi konusundaki yalan beyan\u0131n yapt\u0131r\u0131m alt\u0131na al\u0131nd\u0131\u011f\u0131 nazara al\u0131nd\u0131\u011f\u0131nda; TCK\u2019n\u0131n 271. maddesinin, ayn\u0131 Kanun\u2019un 206. maddesindeki d\u00fczenlemeye g\u00f6re \u2019\u2019\u00f6zel norm\u2019\u2019niteli\u011finde olup \u2019\u2019\u00f6zel normun \u00f6nceli\u011fi\u2019\u2019 ilkesi uyar\u0131nca sadece TCK\u2019n\u0131n 271. maddesinin uygulanmas\u0131n\u0131n gerekti\u011fi kabul edilmelidir.<\/p>\n<p><center><span style=\"color: #993300;\"><strong>T.C.<\/strong><\/span><br \/>\n<span style=\"color: #993300;\"><strong>YARGITAY<\/strong><\/span><br \/>\n<span style=\"color: #993300;\"><strong>CEZA GENEL KURULU<\/strong><\/span><\/center><\/p>\n<table>\n<tbody>\n<tr>\n<td><span style=\"color: #993300;\"><strong>Esas<\/strong><\/span><\/td>\n<td><span style=\"color: #993300;\"><strong>: 2015\/187<\/strong><\/span><\/td>\n<\/tr>\n<tr>\n<td><span style=\"color: #993300;\"><strong>Karar<\/strong><\/span><\/td>\n<td><span style=\"color: #993300;\"><strong>: 2018\/206<\/strong><\/span><\/td>\n<\/tr>\n<tr>\n<td><span style=\"color: #993300;\"><strong>Tarih<\/strong><\/span><\/td>\n<td><span style=\"color: #993300;\"><strong>: 08.05.2018<\/strong><\/span><\/td>\n<\/tr>\n<\/tbody>\n<\/table>\n<p style=\"text-align: justify;\">Etkin pi\u015fmanl\u0131\u011fa ili\u015fkin TCK\u2019n\u0131n 274. maddesinin uygulanabilmesi i\u00e7in aleyhe\u00a0yalan\u00a0tan\u0131kl\u0131k\u00a0<wbr \/>yap\u0131lmas\u0131 nedeniyle do\u011fabilecek zararlar\u0131n \u00f6nlenmesine veya do\u011fan zararlar\u0131n azalt\u0131lmas\u0131na y\u00f6nelik ger\u00e7e\u011fin s\u00f6ylenmesi zorunlu oldu\u011fundan s\u00f6z konusu maddenin yaln\u0131zca aleyhe\u00a0yalan\u00a0tan\u0131kl\u0131k\u00a0yapan fail hakk\u0131nda uygulanabilece\u011fi kabul edilmelidir.<\/p>\n<p style=\"text-align: justify;\">Tan\u0131kl\u0131k; bir olay\u0131n tan\u0131\u011f\u0131 olmu\u015f ya da \u00f6yle oldu\u011fu varsay\u0131lan bir kimsenin be\u015f duyusu ile \u00f6\u011frendi\u011fi bilgileri tan\u0131k dinlemeye yetkili makam \u00f6n\u00fcnde anlatmas\u0131d\u0131r. Tan\u0131k, tan\u0131kl\u0131\u011f\u0131n\u0131n konusunu olu\u015fturan hususlar hakk\u0131nda bildiklerini veya g\u00f6rd\u00fcklerini tam olarak a\u00e7\u0131klamakla y\u00fck\u00fcml\u00fcd\u00fcr.<\/p>\n<p style=\"text-align: justify;\">Yalan\u00a0tan\u0131kl\u0131k\u00a0su\u00e7uyla, yarg\u0131laman\u0131n do\u011fru olmayan beyanlarla ger\u00e7e\u011fe ayk\u0131r\u0131 bir \u015fekilde y\u00f6nlendirilmesinin \u00f6n\u00fcne ge\u00e7ilerek adaletin tecellisi sa\u011flanmak suretiyle yarg\u0131laman\u0131n taraflar\u0131n\u0131n haklar\u0131n\u0131n zarar g\u00f6rmesinin engellenmesi ama\u00e7lanmaktad\u0131r.\u00a0Yalan\u00a0<wbr \/>tan\u0131kl\u0131k\u00a0su\u00e7unun maddi unsurunu olu\u015fturan hareket, failin ger\u00e7e\u011fe ayk\u0131r\u0131 olarak\u00a0tan\u0131kl\u0131k\u00a0yapmas\u0131 ve\u00a0yalan\u00a0s\u00f6ylemesidir. Ger\u00e7e\u011fe ayk\u0131r\u0131\u00a0tan\u0131kl\u0131k\u00a0yapmak, maddi olay hakk\u0131nda bilerek ger\u00e7e\u011fe ayk\u0131r\u0131 beyanda bulunmak,\u00a0yalan\u00a0s\u00f6ylemek, ger\u00e7e\u011fi ink\u00e2r etmek ya da sorulan sorularda bilgisini az veya \u00e7ok saklamakt\u0131r. Yemin su\u00e7un unsuru olmamakla birlikte, tan\u0131kl\u0131\u011f\u0131n yemin ettirerek tan\u0131k dinlemeye yetkili ki\u015fi veya kurul \u00f6n\u00fcnde yap\u0131lmas\u0131, su\u00e7un daha fazla ceza verilmesini gerektiren nitelikli h\u00e2lini olu\u015fturmaktad\u0131r.<\/p>\n<div dir=\"auto\" style=\"text-align: justify;\">\n<p>5237 say\u0131l\u0131 T\u00fcrk Ceza Kanununun 272. maddesinin gerek\u00e7esinde de su\u00e7un maddi unsuru; &#8220;Su\u00e7un madd\u00ee unsuru\u00a0yalan\u00a0s\u00f6ylemek veya tan\u0131kl\u0131\u011f\u0131n konusunu olu\u015fturan hususlar hakk\u0131ndaki bilgiyi, bilerek, k\u0131smen veya tamamen saklamakt\u0131r.\u00a0Yalan\u00a0s\u00f6ylemek deyimi, tabi\u00ee olarak ger\u00e7e\u011fi inkar etmeyi de kapsamaktad\u0131r&#8221; \u015feklinde a\u00e7\u0131klanm\u0131\u015ft\u0131r.<\/p>\n<\/div>\n<div dir=\"auto\">\n<p style=\"text-align: justify;\">Yalan\u00a0tan\u0131kl\u0131k\u00a0su\u00e7undan bahsedebilmek i\u00e7in failin hem\u00a0tan\u0131kl\u0131k\u00a0yapt\u0131\u011f\u0131n\u0131n hem de tan\u0131kl\u0131\u011f\u0131 s\u0131ras\u0131nda s\u00f6ylediklerinin ger\u00e7e\u011fe ayk\u0131r\u0131 oldu\u011funun belirlenmesi gerekmektedir.<\/p>\n<p style=\"text-align: justify;\">Tan\u0131\u011f\u0131n ger\u00e7e\u011fe ayk\u0131r\u0131 her beyan\u0131\u00a0yalan\u00a0tan\u0131kl\u0131k\u00a0su\u00e7unu olu\u015fturmayacakt\u0131r. Bu nedenle tan\u0131\u011f\u0131n do\u011fru sand\u0131\u011f\u0131 a\u00e7\u0131klamalar\u0131n objektif olarak ger\u00e7ek d\u0131\u015f\u0131 olmas\u0131 bu su\u00e7un olu\u015fmas\u0131 i\u00e7in yeterli de\u011fildir. Tan\u0131\u011f\u0131n bilin\u00e7li olarak ger\u00e7ekten ayr\u0131lmas\u0131 gerekmektedir. Bu itibarla tan\u0131k, beyan\u0131nda samimi oldu\u011fu ve alg\u0131lad\u0131\u011f\u0131 olay\u0131 tamamen alg\u0131lay\u0131\u015f bi\u00e7imi i\u00e7inde a\u00e7\u0131klad\u0131ysa\u00a0yalan\u00a0beyanda bulunmu\u015f say\u0131lmamal\u0131d\u0131r. Zira\u00a0yalan\u00a0ger\u00e7e\u011fin kasten de\u011fi\u015ftirilmesi olup yan\u0131lma ve ihmal ederek veya bilmeyerek s\u00f6ylenen s\u00f6zlerde,\u00a0yalan\u00a0tan\u0131kl\u0131k\u00a0<wbr \/>su\u00e7unun unsurlar\u0131n\u0131n olu\u015fmad\u0131\u011f\u0131 kabul edilmelidir<\/p>\n<p style=\"text-align: justify;\">Ba\u015fka bir anlat\u0131mla tan\u0131\u011f\u0131n beyanlar\u0131 aras\u0131nda \u00e7eli\u015fki bulunmas\u0131 tek ba\u015f\u0131na\u00a0yalan\u00a0tan\u0131kl\u0131k\u00a0su\u00e7unun olu\u015ftu\u011funun kabul\u00fc i\u00e7in yeterli de\u011fildir. Su\u00e7un t\u00fcm unsurlar\u0131n\u0131n \u00f6zellikle de ger\u00e7e\u011fe ayk\u0131r\u0131 tan\u0131kl\u0131\u011f\u0131n bilinerek ve istenerek yap\u0131ld\u0131\u011f\u0131n\u0131n \u015f\u00fcpheye yer verilmeyecek \u015fekilde ispatlanmas\u0131 gerekmektedir.<\/p>\n<p><center><span style=\"color: #993300;\"><strong>T.C.<\/strong><\/span><br \/>\n<span style=\"color: #993300;\"><strong>YARGITAY<\/strong><\/span><br \/>\n<span style=\"color: #993300;\"><strong>ONALTINCI CEZA DA\u0130RES\u0130<\/strong><\/span><\/center><\/p>\n<table>\n<tbody>\n<tr>\n<td><span style=\"color: #993300;\"><strong>Esas<\/strong><\/span><\/td>\n<td><span style=\"color: #993300;\"><strong>: 2018\/4<\/strong><\/span><\/td>\n<\/tr>\n<tr>\n<td><span style=\"color: #993300;\"><strong>Karar<\/strong><\/span><\/td>\n<td><span style=\"color: #993300;\"><strong>: 2018\/1470<\/strong><\/span><\/td>\n<\/tr>\n<tr>\n<td><span style=\"color: #993300;\"><strong>Tarih<\/strong><\/span><\/td>\n<td><span style=\"color: #993300;\"><strong>: 16.04.2018<\/strong><\/span><\/td>\n<\/tr>\n<\/tbody>\n<\/table>\n<p style=\"text-align: justify;\">Kollu\u011fun tan\u0131k dinleme yetkisi bulunmamaktad\u0131r. Yasal anlamda tan\u0131kl\u0131ktan kas\u0131t, soru\u015fturma evresinde Cumhuriyet savc\u0131s\u0131, gerekli g\u00f6r\u00fcld\u00fc\u011f\u00fcnde hakim, kovu\u015fturma evresinde ise mahkeme taraf\u0131ndan duru\u015fmaya \u00e7a\u011fr\u0131lmak suretiyle, naip veya istinabe yoluyla engel hali bulunmayan ki\u015finin ispat edilmek istenen olayla ilgili bilgi ve g\u00f6rg\u00fcs\u00fc tespit edilmesidir. Tan\u0131\u011fa yemin verme yetkisi olmayan kolluk g\u00f6revlileri taraf\u0131ndan \u201cifade sahibi\u201d olarak al\u0131nan ifadede\u00a0yalan\u00a0tan\u0131kl\u0131k\u00a0su\u00e7u\u00a0<wbr \/>olu\u015fmayacakt\u0131r.<\/p>\n<p style=\"text-align: justify;\">Hakim, karar\u0131n\u0131 ancak duru\u015fmaya getirilmi\u015f ve huzurda tart\u0131\u015f\u0131lm\u0131\u015f delillere dayand\u0131rabilir. Bu deliller hakimin vicdani kanaatiyle serbest\u00e7e takdir edilir (CMK. 217\/1).<\/p>\n<p style=\"text-align: justify;\">Deliller \u00f6\u011fretide, beyan delili, belge delili ve belirti delili olarak s\u0131n\u0131fland\u0131rmaya tabii tutulmu\u015ftur.<\/p>\n<p style=\"text-align: justify;\">Kovu\u015fturma a\u015famas\u0131nda, san\u0131k sorguya \u00e7ekildikten sonra delillerin ortaya konulmas\u0131na ba\u015flan\u0131r. Ancak, san\u0131\u011f\u0131n tebligata ra\u011fmen mazeretsiz olarak gelmemesi sebebiyle sorgusunun yap\u0131lmam\u0131\u015f olmas\u0131, delilerin ortaya konulmas\u0131na engel olmaz, bu deliller sonradan san\u0131\u011fa bildirilir (CMK. 206\/1).<\/p>\n<p style=\"text-align: justify;\">\u0130braz edilen delil, kanuna ayk\u0131r\u0131 olarak elde edilmi\u015f ise, delille ispat edilmek istenen olay\u0131n karara etkisi yoksa, istem, sadece davay\u0131 uzatmak maksad\u0131yla yap\u0131lm\u0131\u015fsa, mahkemece reddedilebilir (CMK. 206\/2).<\/p>\n<div dir=\"auto\" style=\"text-align: justify;\">\n<p>Delilin ortaya konulmas\u0131 istemi, bunun veya ispat edilmek istenen olay\u0131n ge\u00e7 bildirilmi\u015f olmas\u0131 nedeniyle reddedilemez (CMK. 207\/1).<\/p>\n<p>Cumhuriyet savc\u0131s\u0131 ile san\u0131k ve m\u00fcdafii birlikte r\u0131za g\u00f6sterirlerse, tan\u0131\u011f\u0131n dinlenilmesinden veya ba\u015fka herhangi bir delilin ortaya konulmas\u0131ndan vazge\u00e7ilebilir (CMK. 206\/3).<\/p>\n<p>Naip veya istinabe yoluyla sorgusu yap\u0131lan san\u0131\u011fa ait sorgu tutanaklar\u0131, naip veya istinabe yoluyla dinlenilen tan\u0131\u011f\u0131n ifade tutanaklar\u0131 ile muayene ve ke\u015fif tutanaklar\u0131 gibi delil olarak kullan\u0131lacak belgeler ve di\u011fer yaz\u0131lar, adli sicil \u00f6zetleri ve san\u0131\u011f\u0131n ki\u015fisel ve ekonomik bilgilerin yer ald\u0131\u011f\u0131 belgelerin duru\u015fmada okunmas\u0131 zorunludur (CMK. 209\/1).<\/p>\n<\/div>\n<div dir=\"auto\">\n<p style=\"text-align: justify;\">Olay\u0131n delili, bir tan\u0131\u011f\u0131n a\u00e7\u0131klamalar\u0131ndan ibaret ise bu tan\u0131k duru\u015fmada mutlaka dinlenir. Daha \u00f6nce yap\u0131lan dinlenme s\u0131ras\u0131nda d\u00fczenlenmi\u015f tutana\u011f\u0131n veya yaz\u0131l\u0131 bir a\u00e7\u0131klaman\u0131n okunmas\u0131 dinleme yerine ge\u00e7emez (CMK. 210\/1).<\/p>\n<p style=\"text-align: justify;\">Tan\u0131k veya san\u0131\u011f\u0131n su\u00e7 orta\u011f\u0131 \u00f6lm\u00fc\u015f veya ak\u0131l hastal\u0131\u011f\u0131na tutulmu\u015f olur veya bulundu\u011fu yer \u00f6\u011frenilemezse, tan\u0131k veya san\u0131\u011f\u0131n su\u00e7 orta\u011f\u0131n\u0131n duru\u015fmada haz\u0131r bulunmas\u0131, hastal\u0131k, malull\u00fck veya giderilme olana\u011f\u0131 bulunmayan ba\u015fka bir nedenle belli bir s\u00fcre i\u00e7inde olanakl\u0131 de\u011filse, ifadesinin \u00f6nem derecesi itibariyle tan\u0131\u011f\u0131n duru\u015fmada haz\u0131r bulunmas\u0131 gerekli say\u0131lm\u0131yorsa; bu ki\u015filerin dinlenmesi yerine, daha \u00f6nce yap\u0131lan dinlenme s\u0131ras\u0131nda d\u00fczenlenmi\u015f tutanaklar ile kendilerinin yazm\u0131\u015f oldu\u011fu belgeler okunabilir (CMK. 211\/1).<\/p>\n<p style=\"text-align: justify;\">Su\u00e7 orta\u011f\u0131n\u0131n, tan\u0131\u011f\u0131n veya bilirki\u015finin dinlenmesinden veya herhangi bir belgenin okunmas\u0131ndan sonra bunlara kar\u015f\u0131 bir diyeceklerinin olup olmad\u0131\u011f\u0131, kat\u0131lana veya vekiline, Cumhuriyet savc\u0131s\u0131na, san\u0131\u011fa ve m\u00fcdafiine sorulur (CMK. 215\/1).<\/p>\n<p style=\"text-align: justify;\">Delillerin tart\u0131\u015f\u0131lmas\u0131nda s\u00f6z, s\u0131ras\u0131yla kat\u0131lana veya vekiline, Cumhuriyet savc\u0131s\u0131na, san\u0131\u011fa veya m\u00fcdafiine veya kanuni temsilcisine verilir (CMK.216\/1).<\/p>\n<div dir=\"auto\" style=\"text-align: justify;\">\n<p>Ceza muhakemesi hukuku a\u00e7\u0131s\u0131ndan serbest delil ve vicdani ispat sistemi ge\u00e7erlidir. Genel bir ifadeyle delillerin elde edilmesi ve de\u011ferlendirilmesi serbestli\u011fini ifade eden bu sistem, eylemi yarg\u0131layan hakimlerin hukuka uygun \u015fekilde elde edilen her t\u00fcrl\u00fc delili kullanarak ispata ula\u015fmas\u0131n\u0131, san\u0131\u011f\u0131n aleyhine oldu\u011fu gibi lehe delilleri de ara\u015ft\u0131r\u0131p de\u011ferlendirerek, ku\u015fkudan ar\u0131nm\u0131\u015f bir sonuca ula\u015fmas\u0131 gerekir. Delil takdirindeki serbesti, keyfilik olarak alg\u0131lanmamal\u0131, akla, mant\u0131\u011fa ve bilimsel kurallara ayk\u0131r\u0131 olarak de\u011ferlendirilmemelidir.<\/p>\n<\/div>\n<div dir=\"auto\">\n<p style=\"text-align: justify;\">Beyan delilleri, san\u0131k ifadesi ve tan\u0131k beyan\u0131ndan ibarettir. Beyan delilerinden olan tan\u0131kl\u0131\u011f\u0131n hukuki niteli\u011fi Dairemizin 21.04.2016 tarih, 2015\/4672 Esas, 2016\/2330 say\u0131l\u0131 karar\u0131nda de\u011ferlendirilmi\u015ftir. Bahse konu kararda;<\/p>\n<p style=\"text-align: justify;\">Ceza Muhakemesinde \u00f6nemli yer tutan\u00a0tan\u0131kl\u0131k, yarg\u0131lamaya konu fiilin fail taraf\u0131ndan i\u015flenip i\u015flenmedi\u011fi ya da nas\u0131l i\u015flendi\u011fi konusunda yarg\u0131lama makam\u0131n\u0131n kanaate ula\u015fmas\u0131n\u0131 sa\u011flayan kan\u0131tlardan birisidir.<\/p>\n<p style=\"text-align: justify;\">Yarg\u0131tay Ceza Genel Kurulunun 12.11.2013 tarihli ve 2013\/1-251 esas 2013\/454 karar say\u0131l\u0131 karar\u0131nda da belirtildi\u011fi \u00fczere tan\u0131k, kendisine kar\u015f\u0131 y\u00fcr\u00fct\u00fclmeyen bir ceza soru\u015fturmas\u0131nda, olay hakk\u0131nda be\u015f duyu ile edindi\u011fi alg\u0131lamalar\u0131 ifadesiyle a\u00e7\u0131\u011fa vuran ki\u015fidir.<\/p>\n<p style=\"text-align: justify;\">Tan\u0131\u011f\u0131n a\u00e7\u0131klamalar\u0131n\u0131n de\u011ferlendirilebilmesi i\u00e7in onun kim oldu\u011funun bilinmesi bir zorunluluk te\u015fkil etmektedir. Bu itibarla, tan\u0131klar\u0131n san\u0131\u011f\u0131n ceza g\u00f6rmesinde veya beraat etmesinde herhangi bir yarar\u0131 ve aralar\u0131nda bir dayan\u0131\u015fma hissi bulunup bulunmad\u0131\u011f\u0131n\u0131n tespit edilmesi ve tan\u0131kl\u0131\u011f\u0131n de\u011ferlendirilebilmesinin de dikkate al\u0131nmas\u0131 gerekir. Nitekim CMK&#8217;n\u0131n 58\/1. maddesinin &#8220;&#8230;gerekirse tan\u0131kl\u0131\u011fa ne dereceye kadar g\u00fcvenilebilece\u011fi hakk\u0131nda hakimi ayd\u0131nlatacak durumlara, \u00f6zellikle \u015f\u00fcpheli, san\u0131k veya ma\u011fdur ile ili\u015fkilerine dair sorular y\u00f6neltilir.&#8221; h\u00fckm\u00fc formalite gere\u011fi de\u011fil, tan\u0131\u011f\u0131n kim oldu\u011funun hen\u00fcz beyan\u0131na ba\u015fvurulmadan \u00f6nce belirlenebilmesi ve yapaca\u011f\u0131 a\u00e7\u0131klamalar\u0131n g\u00fcvenirli\u011finin dinleyen makam taraf\u0131ndan test edilmesi amac\u0131yla getirilmi\u015ftir.<\/p>\n<div dir=\"auto\" style=\"text-align: justify;\">\n<p>Kural olarak ceza muhakemesinde taraf s\u0131fat\u0131 bulunanlar\u0131n tan\u0131k olarak dinlenmemesi gerekir. Bu nedenle davan\u0131n taraf\u0131 olan san\u0131k ve \u015f\u00fcphelinin tan\u0131k olarak dinlenmesini Ceza Muhakemesi Kanunu d\u00fczenlememi\u015f ancak \u015feriklerin tan\u0131kl\u0131\u011f\u0131na imkan sa\u011flam\u0131\u015ft\u0131r.<\/p>\n<p>Ceza Muhakemesi Kanununa g\u00f6re, g\u00f6r\u00fclmekte olan davada yarg\u0131lanan san\u0131\u011f\u0131n, su\u00e7 orta\u011f\u0131 hakk\u0131nda tan\u0131k olarak dinlenilmesi m\u00fcmk\u00fcnd\u00fcr. CMK&#8217;n\u0131n 50. maddesinde soru\u015fturma veya kovu\u015fturma konusu su\u00e7lara i\u015ftirakten veya bu su\u00e7lar nedeniyle su\u00e7luyu kay\u0131rmaktan ya da su\u00e7 delillerini yok etme, gizleme veya de\u011fi\u015ftirmekten \u015f\u00fcpheli, san\u0131k veya h\u00fck\u00fcml\u00fc olanlar tan\u0131k olarak dinlenebilirler, ancak bu tan\u0131klar\u0131n yeminsiz olarak dinlenmeleri gerekmektedir. Su\u00e7 orta\u011f\u0131n\u0131n verece\u011fi ifade, kendisinin de su\u00e7lanmas\u0131 sonucunu do\u011furacaksa, tan\u0131kl\u0131ktan \u00e7ekinme olana\u011f\u0131na sahiptir (CMK m.48).<\/p>\n<\/div>\n<div dir=\"auto\">\n<p style=\"text-align: justify;\">CMK&#8217;n\u0131n 48. maddesinde, temelini Anayasan\u0131n 38\/5. madde h\u00fckm\u00fcnden alan ve adil yarg\u0131lanma hakk\u0131n\u0131 g\u00fcvence alt\u0131na alan bir d\u00fczenlemeye yer verilmi\u015ftir.<\/p>\n<p style=\"text-align: justify;\">\u00c7ekinme hakk\u0131 hat\u0131rlat\u0131lmadan tan\u0131\u011fa bu t\u00fcr sorular\u0131n y\u00f6neltilmesi sonucu al\u0131nan cevaplar hukuka ayk\u0131r\u0131 bi\u00e7imde elde edilen kan\u0131t niteli\u011findedir, (CMK m. 206\/a ve m.217\/2) hukuka ayk\u0131r\u0131 delil de h\u00fckm\u00fc esas al\u0131namaz (YCGK 12.11.2013 2013\/1-251, 2013\/454).<\/p>\n<p style=\"text-align: justify;\">San\u0131\u011f\u0131n kendisinin de kat\u0131ld\u0131\u011f\u0131 su\u00e7larla ilgili tan\u0131k s\u0131fat\u0131yla dinlenmemesi, san\u0131\u011f\u0131n a\u00e7\u0131klamalar\u0131n\u0131n delil niteli\u011fi ta\u015f\u0131mayaca\u011f\u0131 anlam\u0131na gelmemektedir. \u00d6rne\u011fin, di\u011fer \u00f6rg\u00fct \u00fcyeleri kabul etmedi\u011fi halde \u00f6rg\u00fct \u00fcyelerinden birisinin\u00a0su\u00e7u\u00a0birlikte nas\u0131l i\u015flediklerini samimi olarak anlatmas\u0131 ve destekleyi\u015fi kan\u0131tlar\u0131n da bulunmas\u0131 halinde elbetteki bu beyan delil olarak de\u011ferlendirilecektir. Bu bak\u0131mdan bir anlat\u0131m\u0131n &#8220;tan\u0131k beyan\u0131&#8221; veya &#8220;san\u0131k beyan\u0131&#8221; olarak adland\u0131r\u0131lmas\u0131n\u0131n \u00e7ok \u00f6nemi de bulunmamaktad\u0131r.<\/p>\n<p style=\"text-align: justify;\">San\u0131\u011f\u0131n kendisinin kat\u0131lmad\u0131\u011f\u0131, su\u00e7 ortaklar\u0131n\u0131n ger\u00e7ekle\u015ftirdi\u011fi di\u011fer su\u00e7larla ilgili tan\u0131k s\u0131fat\u0131yla dinlenmesi m\u00fcmk\u00fcnd\u00fcr. Bir ki\u015finin ayn\u0131 su\u00e7a i\u015ftirak etmedi\u011fi takdirde iki s\u0131fat\u0131 (tan\u0131k-san\u0131k) birden ta\u015f\u0131nmas\u0131nda engel bulunmamaktad\u0131r.<\/p>\n<p style=\"text-align: justify;\">San\u0131\u011f\u0131n kendisinin kat\u0131lmad\u0131\u011f\u0131, su\u00e7 ortaklar\u0131n\u0131n ger\u00e7ekle\u015ftirdi\u011fi di\u011fer su\u00e7larla ilgili tan\u0131k s\u0131fat\u0131yla dinlenmesi m\u00fcmk\u00fcnd\u00fcr. Bir ki\u015finin ayn\u0131 su\u00e7a i\u015ftirak etmedi\u011fi takdirde iki s\u0131fat\u0131 (tan\u0131k-san\u0131k) birden ta\u015f\u0131nmas\u0131nda engel bulunmamaktad\u0131r.<\/p>\n<p style=\"text-align: justify;\">A\u0130HM de su\u00e7 ortaklar\u0131n\u0131n tan\u0131kl\u0131\u011f\u0131n\u0131 kabul etmektedir. Mahkemeye g\u00f6re ifadenin tan\u0131k taraf\u0131ndan de\u011fil de kendisi de san\u0131k olan biri taraf\u0131ndan verilmi\u015f olmas\u0131n\u0131n hi\u00e7bir \u00f6nemi bulunmamaktad\u0131r. Bu ifade elle tutulur derecede mahkumiyetin temeli olabilecek nitelikte ise, s\u00f6zc\u00fc\u011f\u00fcn dar anlam\u0131nda bir tan\u0131k taraf\u0131ndan m\u0131, kendisi de san\u0131k olan biri taraf\u0131ndan m\u0131 verildi\u011finden ba\u011f\u0131ms\u0131z olarak, iddia makam\u0131 i\u00e7in bir delildir. \u00c7\u00fcnk\u00fc mahkemeye g\u00f6re, tan\u0131k teriminin A\u0130HS sisteminde &#8220;\u00f6zerk&#8221; bir anlam\u0131 bulunmaktad\u0131r. Bunun sonucu olarak da A\u0130HS&#8217;nin 6\/1 ve 6\/3-d maddesinin tan\u0131\u011fa sa\u011flad\u0131\u011f\u0131 g\u00fcvenceler, san\u0131k olup a\u00e7\u0131klamalar\u0131 \u201ctan\u0131kl\u0131k\u201d olarak de\u011ferlendirilebilecek ki\u015filer bak\u0131m\u0131ndan da devreye girebilecektir. Bu ba\u011flamda A\u0130HM&#8217;e g\u00f6re, su\u00e7a i\u015ftirak eden, olay\u0131n ma\u011fduru, \u015fikayet\u00e7i devletin g\u00f6revlendirdi\u011fi gizli\/gizli olmayan soru\u015fturmac\u0131 ya da tan\u0131k olabilir.<\/p>\n<p style=\"text-align: justify;\">Kovu\u015fturma a\u015famas\u0131nda b\u00fct\u00fcn kan\u0131tlar\u0131n tart\u0131\u015f\u0131labilmesi i\u00e7in, kural olarak bu kan\u0131tlar\u0131n aleni bir duru\u015fmada ve san\u0131\u011f\u0131n huzurunda ortaya konulmalar\u0131 gerekir. Bu kural istisnas\u0131z olmamakla beraber e\u011fer bir mahkumiyet sadece veya belirleyici \u00f6l\u00e7\u00fcde, san\u0131\u011f\u0131n soru\u015fturma veya kovu\u015fturma a\u015famas\u0131nda sorgulama ve sorgulatma olana\u011f\u0131 bulamad\u0131\u011f\u0131 bir kimse taraf\u0131ndan verilen ifadelere dayand\u0131r\u0131lm\u0131\u015f ise, san\u0131\u011f\u0131n haklar\u0131 A\u0130HS&#8217;nin 6. maddesindeki g\u00fcvencelerle ba\u011fda\u015fmayacak \u00f6l\u00e7\u00fcde k\u0131s\u0131tlanm\u0131\u015f olabilir. Olay\u0131n tek tan\u0131\u011f\u0131 varsa ve sadece bir tan\u0131\u011f\u0131n ifadesine dayan\u0131larak h\u00fck\u00fcm kurulacak ise, bu tan\u0131k mutlaka duru\u015fmada dinlenmeli ve taraflara soru sorma imkan\u0131 sa\u011flanmal\u0131d\u0131r. Bir kimse hakk\u0131nda ger\u00e7ekle\u015ftirilen ceza yarg\u0131lamas\u0131 s\u00fcrecinde tan\u0131klara soru y\u00f6neltilebilmesi onlarla y\u00fczle\u015febilmesi ve tan\u0131klar\u0131n beyanlar\u0131n\u0131n do\u011frulu\u011funu test etme olana\u011f\u0131na sahip olmas\u0131, adil bir yarg\u0131laman\u0131n yap\u0131labilmesi bak\u0131m\u0131ndan gereklidir. B\u00f6ylece su\u00e7lanan ki\u015fi aleyhindeki tan\u0131k beyanlar\u0131n\u0131n zay\u0131f\/itibar edilmez noktalar\u0131n\u0131 ortaya koyup \u00e7eli\u015fmeli yarg\u0131lama ilkesine uygun olarak onlar\u0131n g\u00fcvenirli\u011fini huzurda test edebilecek, tan\u0131\u011f\u0131n inand\u0131r\u0131c\u0131l\u0131\u011f\u0131 ve g\u00fcvenirli\u011fi bak\u0131m\u0131ndan sordu\u011fu sorularla kendi lehine sonu\u00e7lar ortaya \u00e7\u0131kartabilecek ve yarg\u0131lama makam\u0131n\u0131n uyu\u015fmazl\u0131k konusu olay\u0131 sadece iddia makam\u0131n\u0131n ileri s\u00fcrd\u00fc\u011f\u00fc \u015fekliyle de\u011fil savunman\u0131n arg\u00fcmanlar\u0131yla da alg\u0131lanmas\u0131n\u0131 sa\u011flayabilecektir.<\/p>\n<p style=\"text-align: justify;\">CMK&#8217;n\u0131n 59. maddesine g\u00f6re, tan\u0131ktan\u00a0tan\u0131kl\u0131k\u00a0edece\u011fi konulara ili\u015fkin bildiklerini s\u00f6ylemesi istenir ve\u00a0tan\u0131kl\u0131k\u00a0ederken s\u00f6z\u00fc kesilmez.\u00a0Tan\u0131kl\u0131k\u00a0edilen konular\u0131 ayd\u0131nlatmak, tamamlamak ve bilgilerinin dayand\u0131\u011f\u0131 durumlar\u0131 gere\u011fince de\u011ferlendirebilmek i\u00e7in tan\u0131\u011fa ayr\u0131ca soru y\u00f6neltilebilir.<\/p>\n<p><center><span style=\"color: #993300;\"><strong>T.C.<\/strong><\/span><br \/>\n<span style=\"color: #993300;\"><strong>YARGITAY<\/strong><\/span><br \/>\n<span style=\"color: #993300;\"><strong>B\u0130R\u0130NC\u0130 CEZA DA\u0130RES\u0130<\/strong><\/span><\/center><\/p>\n<table>\n<tbody>\n<tr>\n<td><span style=\"color: #993300;\"><strong>Esas<\/strong><\/span><\/td>\n<td><span style=\"color: #993300;\"><strong>: 2017\/614<\/strong><\/span><\/td>\n<\/tr>\n<tr>\n<td><span style=\"color: #993300;\"><strong>Karar<\/strong><\/span><\/td>\n<td><span style=\"color: #993300;\"><strong>: 2018\/1056<\/strong><\/span><\/td>\n<\/tr>\n<tr>\n<td><span style=\"color: #993300;\"><strong>Tarih<\/strong><\/span><\/td>\n<td><span style=\"color: #993300;\"><strong>: 07.03.2018<\/strong><\/span><\/td>\n<\/tr>\n<\/tbody>\n<\/table>\n<p style=\"text-align: justify;\">San\u0131\u011f\u0131n kollukta al\u0131nan ifadesinde maktul &#8230;\u2019in alkoll\u00fc bir \u015fekilde dola\u015f\u0131rken d\u00fc\u015ft\u00fc\u011f\u00fcn\u00fc g\u00f6rd\u00fc\u011f\u00fcn\u00fc belirtti\u011fi, 09.08.2013 tarihli savc\u0131l\u0131k ifadesinde maktul &#8230;\u2019in kendisinin mi d\u00fc\u015ft\u00fc\u011f\u00fcn\u00fc yoksa birisi taraf\u0131ndan itilme sonucu mu d\u00fc\u015ft\u00fc\u011f\u00fcn\u00fc g\u00f6rmedi\u011fini belirtti\u011fi, san\u0131\u011f\u0131n kollukta vermi\u015f oldu\u011fu ifadesinin bilgi sahibi s\u0131fat\u0131yla ve yeminsiz olarak al\u0131nd\u0131\u011f\u0131, ilk yeminli beyan\u0131nda san\u0131\u011f\u0131n\u00a0yalan\u00a0tan\u0131kl\u0131kta bulunmad\u0131\u011f\u0131, bu itibarla\u00a0yalan\u00a0tan\u0131kl\u0131k\u00a0<wbr \/>su\u00e7unun yasal unsurlar\u0131n\u0131n olu\u015fmad\u0131\u011f\u0131 anla\u015f\u0131ld\u0131\u011f\u0131ndan san\u0131\u011f\u0131n beraati yerine mahkumiyetine karar verilmesi,<\/p>\n<p><center><span style=\"color: #993300;\"><strong>T.C.<\/strong><\/span><br \/>\n<span style=\"color: #993300;\"><strong>YARGITAY<\/strong><\/span><br \/>\n<span style=\"color: #993300;\"><strong>SEK\u0130Z\u0130NC\u0130 CEZA DA\u0130RES\u0130<\/strong><\/span><\/center><\/p>\n<table>\n<tbody>\n<tr>\n<td><span style=\"color: #993300;\"><strong>Esas<\/strong><\/span><\/td>\n<td><span style=\"color: #993300;\"><strong>: 2017\/11430<\/strong><\/span><\/td>\n<\/tr>\n<tr>\n<td><span style=\"color: #993300;\"><strong>Karar<\/strong><\/span><\/td>\n<td><span style=\"color: #993300;\"><strong>: 2018\/1195<\/strong><\/span><\/td>\n<\/tr>\n<tr>\n<td><span style=\"color: #993300;\"><strong>Tarih<\/strong><\/span><\/td>\n<td><span style=\"color: #993300;\"><strong>: 07.02.2018<\/strong><\/span><\/td>\n<\/tr>\n<\/tbody>\n<\/table>\n<p style=\"text-align: justify;\">Olu\u015fa, t\u00fcm dosya kapsam\u0131na g\u00f6re, &#8230;\u0131n &#8230;\u2019e kar\u015f\u0131 yaralama su\u00e7undan yarg\u0131land\u0131\u011f\u0131 Kad\u0131k\u00f6y Sulh Ceza Mahkemesi\u2019nin 2010\/1575 esas say\u0131l\u0131 dava dosyas\u0131nda, usul\u00fcne uygun \u015fekilde duru\u015fmaya tan\u0131k s\u0131fat\u0131yla davet edilerek dinlenen san\u0131klar\u0131n &#8230;\u0131n, m\u00fc\u015ftekiyi yaralamad\u0131\u011f\u0131na dair yeminli beyanlar\u0131 kar\u015f\u0131s\u0131nda; olay yerinden tesad\u00fcfen ge\u00e7en ve iki tarafla da yak\u0131nl\u0131\u011f\u0131 bulunmad\u0131\u011f\u0131 anla\u015f\u0131lan tan\u0131k&#8230;\u00fcn, koyu renkli arabadan inen ki\u015filerin m\u00fc\u015ftekiyi darp etti\u011fine dair beyan\u0131, &#8230; hakk\u0131nda olay g\u00fcn\u00fc al\u0131nan burnunda yo\u011fun kanama, sol g\u00f6z\u00fcnde hemetom bulundu\u011funa dair sa\u011fl\u0131k raporu ve koyu renkli arac\u0131n arkas\u0131nda m\u00fc\u015ftekiye tekme ve yumruk at\u0131ld\u0131\u011f\u0131na dair kamera g\u00f6r\u00fcnt\u00fcleri kar\u015f\u0131s\u0131nda, mahkeme a\u015famas\u0131nda yalan beyanda bulundu\u011fu anla\u015f\u0131lan san\u0131klar\u0131n, s\u00fcbuta eren ve unsurlar\u0131 y\u00f6n\u00fcnden olu\u015fan yalan tan\u0131kl\u0131k su\u00e7undan mahkumiyeti ve sorulan sorulara verdi\u011fi cevaplar nedeniyle kendisinin de san\u0131k durumuna d\u00fc\u015febilece\u011fi, ancak CMK.nun 48. maddesi gere\u011fince ihtirat yap\u0131lmad\u0131\u011f\u0131 ve tan\u0131kl\u0131ktan \u00e7ekinme haklar\u0131 hat\u0131rlat\u0131lmad\u0131\u011f\u0131 anla\u015f\u0131ld\u0131\u011f\u0131ndan, TCK.nun 273\/1, a, b madde ve f\u0131kralar\u0131 gere\u011fince uygulama yap\u0131lmas\u0131 gerekir.<\/p>\n<p><center><span style=\"color: #993300;\"><strong>T.C.<\/strong><\/span><br \/>\n<span style=\"color: #993300;\"><strong>YARGITAY<\/strong><\/span><br \/>\n<span style=\"color: #993300;\"><strong>SEK\u0130Z\u0130NC\u0130 CEZA DA\u0130RES\u0130<\/strong><\/span><\/center><\/p>\n<table>\n<tbody>\n<tr>\n<td><span style=\"color: #993300;\"><strong>Esas<\/strong><\/span><\/td>\n<td><span style=\"color: #993300;\"><strong>: 2017\/10230<\/strong><\/span><\/td>\n<\/tr>\n<tr>\n<td><span style=\"color: #993300;\"><strong>Karar<\/strong><\/span><\/td>\n<td><span style=\"color: #993300;\"><strong>: 2017\/13849<\/strong><\/span><\/td>\n<\/tr>\n<tr>\n<td><span style=\"color: #993300;\"><strong>Tarih<\/strong><\/span><\/td>\n<td><span style=\"color: #993300;\"><strong>: 06.12.2017<\/strong><\/span><\/td>\n<\/tr>\n<\/tbody>\n<\/table>\n<p style=\"text-align: justify;\">San\u0131\u011f\u0131n, kat\u0131lan &#8230; taraf\u0131ndan e\u015fi&#8230;. aleyhine Edirne 2. Asliye Hukuk Mahkemesinde g\u00f6r\u00fclen el atman\u0131n \u00f6nlenmesi davas\u0131n\u0131n 04.09.2013 tarihli ke\u015ffinde daval\u0131n\u0131n e\u015fi olmas\u0131 sebebiyle tan\u0131kl\u0131ktan ve yeminden \u00e7ekilme haklar\u0131 hat\u0131rlat\u0131larak al\u0131nan yeminli beyan\u0131nda, dava konusu tel \u00f6rg\u00fc ve yalaklar\u0131n 2013 y\u0131l\u0131n\u0131n Nisan ay\u0131nda y\u0131k\u0131ld\u0131\u011f\u0131na y\u00f6nelik beyanlar\u0131 kar\u015f\u0131s\u0131nda ke\u015fif zapt\u0131n\u0131n mahkeme g\u00f6zlemi k\u0131sm\u0131nda yalak ve tel \u00f6rg\u00fcn\u00fcn bulundu\u011fu yer olarak iddia edilen yerde beton kal\u0131nt\u0131lar\u0131n\u0131n bulundu\u011funa dair mahkeme g\u00f6zlemi ve tan\u0131klar &#8230; ve &#8230;\u2019n\u0131n ke\u015fiften 2 g\u00fcn \u00f6nce bu yalak ve tel \u00f6rg\u00fcn\u00fcn kald\u0131r\u0131ld\u0131\u011f\u0131na dair beyanlar\u0131 ve Asliye Hukuk Mahkemesi\u2019nin beton yemli\u011fin bir y\u0131l \u00f6nce y\u0131k\u0131ld\u0131\u011f\u0131 iddia edilse de fiili durum ve in\u015faat bilirki\u015fi raporundan da anla\u015f\u0131laca\u011f\u0131 \u00fczere ke\u015fiften hemen \u00f6nce y\u0131k\u0131ld\u0131\u011f\u0131na dair kabul\u00fc kar\u015f\u0131s\u0131nda; s\u00fcbuta eren ve\u00a0unsurlar\u0131\u00a0y\u00f6n\u00fcnden olu\u015fan\u00a0yalan\u00a0tan\u0131kl\u0131k\u00a0su\u00e7undan mahkumiyeti yerine yaz\u0131l\u0131 gerek\u00e7e ile beraatine karar verilmesi,<\/p>\n<div dir=\"auto\" style=\"text-align: justify;\"><center><span style=\"color: #993300;\"><strong>T.C.<\/strong><\/span><br \/>\n<span style=\"color: #993300;\"><strong>YARGITAY<\/strong><\/span><br \/>\n<span style=\"color: #993300;\"><strong>ONALTINCI CEZA DA\u0130RES\u0130<\/strong><\/span><\/center><\/div>\n<table>\n<tbody>\n<tr>\n<td><span style=\"color: #993300;\"><strong>Esas<\/strong><\/span><\/td>\n<td><span style=\"color: #993300;\"><strong>: 2016\/792<\/strong><\/span><\/td>\n<\/tr>\n<tr>\n<td><span style=\"color: #993300;\"><strong>Karar<\/strong><\/span><\/td>\n<td><span style=\"color: #993300;\"><strong>: 2016\/2585<\/strong><\/span><\/td>\n<\/tr>\n<tr>\n<td><span style=\"color: #993300;\"><strong>Tarih<\/strong><\/span><\/td>\n<td><span style=\"color: #993300;\"><strong>: 25.04.2016<\/strong><\/span><\/td>\n<\/tr>\n<\/tbody>\n<\/table>\n<p style=\"text-align: justify;\">Su\u00e7 soru\u015fturmas\u0131 kapsam\u0131nda kalmayan beyan\u0131n\u00a0yalan\u00a0tan\u0131kl\u0131k\u00a0su\u00e7unu olu\u015fturmayaca\u011f\u0131 cihetle tebli\u011fnamedeki bozma d\u00fc\u015f\u00fcncesine i\u015ftirak olunmam\u0131\u015ft\u0131r.<\/p>\n<\/div>\n<div dir=\"auto\" style=\"text-align: justify;\"><center><span style=\"color: #993300;\"><strong>T.C.<\/strong><\/span><br \/>\n<span style=\"color: #993300;\"><strong>YARGITAY<\/strong><\/span><br \/>\n<span style=\"color: #993300;\"><strong>ONALTINCI CEZA DA\u0130RES\u0130<\/strong><\/span><\/center><\/div>\n<\/div>\n<\/div>\n<\/div>\n<table>\n<tbody>\n<tr>\n<td><span style=\"color: #993300;\"><strong>Esas<\/strong><\/span><\/td>\n<td><span style=\"color: #993300;\"><strong>: 2015\/4398<\/strong><\/span><\/td>\n<\/tr>\n<tr>\n<td><span style=\"color: #993300;\"><strong>Karar<\/strong><\/span><\/td>\n<td><span style=\"color: #993300;\"><strong>: 2015\/5295<\/strong><\/span><\/td>\n<\/tr>\n<tr>\n<td><span style=\"color: #993300;\"><strong>Tarih<\/strong><\/span><\/td>\n<td><span style=\"color: #993300;\"><strong>: 24.12.2015<\/strong><\/span><\/td>\n<\/tr>\n<\/tbody>\n<\/table>\n<p style=\"text-align: justify;\">Tan\u0131k oldu\u011fu davan\u0131n duru\u015fmas\u0131 i\u00e7in yap\u0131lan tebligat \u00fczerine duru\u015fmaya gelen ve tebligat \u00fczerindeki imzan\u0131n kendisine ait olmad\u0131\u011f\u0131n\u0131 beyan eden san\u0131\u011f\u0131n, iftira\u00a0su\u00e7u\u00a0y\u00f6n\u00fcnden yetkili makamlara herhangi bir ihbar veya \u015fikayette bulunmamas\u0131 kar\u015f\u0131s\u0131nda m\u00fcsnet iftira su\u00e7unun, tan\u0131k i\u00e7in \u00e7\u0131kar\u0131lan davetiyedeki imzan\u0131n kendisine ait olmad\u0131\u011f\u0131 y\u00f6n\u00fcndeki beyan\u0131n, g\u00f6r\u00fclmekte olan dava ile ilgili maddi ger\u00e7e\u011fin ortaya \u00e7\u0131kmas\u0131n\u0131 engelleme amac\u0131na y\u00f6nelmedi\u011finden\u00a0yalan\u00a0tan\u0131kl\u0131k<wbr \/>\u00a0su\u00e7unun\u00a0unsurlar\u0131\u00a0itibar\u0131yla olu\u015fmad\u0131\u011f\u0131 g\u00f6zetilmeden yaz\u0131l\u0131 \u015fekilde karar verilmesi,<\/p>\n<div dir=\"auto\" style=\"text-align: justify;\"><center><\/center><center><span style=\"color: #993300;\"><strong>T.C.<\/strong><\/span><br \/>\n<span style=\"color: #993300;\"><strong>YARGITAY<\/strong><\/span><br \/>\n<span style=\"color: #993300;\"><strong>DOKUZUNCU CEZA DA\u0130RES\u0130<\/strong><\/span><\/center><\/div>\n<table>\n<tbody>\n<tr>\n<td><span style=\"color: #993300;\"><strong>Esas<\/strong><\/span><\/td>\n<td><span style=\"color: #993300;\"><strong>: 2013\/8434<\/strong><\/span><\/td>\n<\/tr>\n<tr>\n<td><span style=\"color: #993300;\"><strong>Karar<\/strong><\/span><\/td>\n<td><span style=\"color: #993300;\"><strong>: 2014\/2652<\/strong><\/span><\/td>\n<\/tr>\n<tr>\n<td><span style=\"color: #993300;\"><strong>Tarih<\/strong><\/span><\/td>\n<td><span style=\"color: #993300;\"><strong>: 11.03.2014<\/strong><\/span><\/td>\n<\/tr>\n<\/tbody>\n<\/table>\n<p style=\"text-align: justify;\">T\u00fcm dosya kapsam\u0131na g\u00f6re Felahiye Cumhuriyet Ba\u015fsavc\u0131l\u0131\u011f\u0131n\u0131n 2010\/96 no&#8217;lu soru\u015fturma dosyas\u0131nda M.. K..&#8217;i azmettirerek\u00a0yalan\u00a0tan\u0131kl\u0131k\u00a0<wbr \/>yapt\u0131rd\u0131\u011f\u0131 s\u00fcbuta eren san\u0131\u011f\u0131n\u00a0unsurlar\u0131\u00a0y\u00f6n\u00fcnden olu\u015fan\u00a0yalan\u00a0tan\u0131kl\u0131k\u00a0su\u00e7una azmettirmekten mahkumiyeti yerine yaz\u0131l\u0131 gerek\u00e7e ile beraatine karar verilmesi,<\/p>\n<div dir=\"auto\" style=\"text-align: justify;\"><center><\/center><center><span style=\"color: #993300;\"><strong>T.C.<\/strong><\/span><br \/>\n<span style=\"color: #993300;\"><strong>YARGITAY<\/strong><\/span><br \/>\n<span style=\"color: #993300;\"><strong>DOKUZUNCU CEZA DA\u0130RES\u0130<\/strong><\/span><\/center><\/div>\n<table>\n<tbody>\n<tr>\n<td><span style=\"color: #993300;\"><strong>Esas<\/strong><\/span><\/td>\n<td><span style=\"color: #993300;\"><strong>: 2013\/4942<\/strong><\/span><\/td>\n<\/tr>\n<tr>\n<td><span style=\"color: #993300;\"><strong>Karar<\/strong><\/span><\/td>\n<td><span style=\"color: #993300;\"><strong>: 2013\/9714<\/strong><\/span><\/td>\n<\/tr>\n<tr>\n<td><span style=\"color: #993300;\"><strong>Tarih<\/strong><\/span><\/td>\n<td><span style=\"color: #993300;\"><strong>: 24.06.2013<\/strong><\/span><\/td>\n<\/tr>\n<\/tbody>\n<\/table>\n<p style=\"text-align: justify;\">San\u0131\u011f\u0131n Ac\u0131payam Asliye Ceza Mahkemesinin 2010\/34 esas say\u0131l\u0131 dosyas\u0131na konu su\u00e7un esas\u0131na ve s\u00fcbutuna ili\u015fkin olmayan &#8220;Ta\u015f\u0131nmaza ili\u015fkin Sulh Hukuk Mahkemesinde g\u00f6r\u00fclen dava ile ilgisinin bulunmad\u0131\u011f\u0131&#8221; \u015feklindeki ifadesinin\u00a0yalan\u00a0tan\u0131kl\u0131k\u00a0<wbr \/>su\u00e7unu olu\u015fturmayaca\u011f\u0131 g\u00f6zetilmeden, san\u0131\u011f\u0131n\u00a0unsurlar\u0131\u00a0y\u00f6n\u00fcnden olu\u015fmayan su\u00e7tan beraati yerine yaz\u0131l\u0131 gerek\u00e7e ile ceza verilmesine yer olmad\u0131\u011f\u0131na karar verilmesi,<\/p>\n<div dir=\"auto\" style=\"text-align: justify;\"><center><\/center><center><span style=\"color: #993300;\"><strong>T.C.<\/strong><\/span><br \/>\n<span style=\"color: #993300;\"><strong>YARGITAY<\/strong><\/span><br \/>\n<span style=\"color: #993300;\"><strong>D\u00d6RD\u00dcNC\u00dc CEZA DA\u0130RES\u0130<\/strong><\/span><\/center><\/div>\n<table>\n<tbody>\n<tr>\n<td><span style=\"color: #993300;\"><strong>Esas<\/strong><\/span><\/td>\n<td><span style=\"color: #993300;\"><strong>: 2011\/21151<\/strong><\/span><\/td>\n<\/tr>\n<tr>\n<td><span style=\"color: #993300;\"><strong>Karar<\/strong><\/span><\/td>\n<td><span style=\"color: #993300;\"><strong>: 2012\/19087<\/strong><\/span><\/td>\n<\/tr>\n<tr>\n<td><span style=\"color: #993300;\"><strong>Tarih<\/strong><\/span><\/td>\n<td><span style=\"color: #993300;\"><strong>: 02.10.2012<\/strong><\/span><\/td>\n<\/tr>\n<\/tbody>\n<\/table>\n<p style=\"text-align: justify;\">San\u0131klar\u0131n Geyve Asliye Ceza Mahkemesinin 2005\/218 esas say\u0131l\u0131 dosya getirtilerek bu davada tan\u0131k s\u0131fat\u0131yla verilen ifadeler ve kat\u0131lanlar\u0131n anlat\u0131mlar\u0131 ile \u00e7eli\u015fen ifadelerinin, ancak vicdani kan\u0131y\u0131 olu\u015fturaca\u011f\u0131,\u00a0yalan\u00a0tan\u0131kl\u0131k\u00a0s<wbr \/>u\u00e7u\u00a0i\u00e7in kesin kan\u0131t olamayaca\u011f\u0131 g\u00f6zetilerek, san\u0131klar\u0131n \u00e7eli\u015fen anlat\u0131mlar\u0131n\u0131n olay\u0131 yanl\u0131\u015f alg\u0131lama, k\u0131smen g\u00f6rme, kendi g\u00f6rg\u00fcs\u00fcne g\u00f6re aktarma yada zaman ge\u00e7mesi nedeniyle yanl\u0131\u015f hat\u0131rlamadan m\u0131 kaynakland\u0131\u011f\u0131 de\u011ferlendirilerek, kast unsurunun kan\u0131tlara dayal\u0131 olarak g\u00f6sterilmesi gerekirken, yetersiz gerek\u00e7e ile h\u00fck\u00fcml\u00fcl\u00fck karar\u0131 verilmesi,<\/p>\n<div dir=\"auto\" style=\"text-align: justify;\"><center><\/center><center><span style=\"color: #993300;\"><strong>T.C.<\/strong><\/span><br \/>\n<span style=\"color: #993300;\"><strong>YARGITAY<\/strong><\/span><br \/>\n<span style=\"color: #993300;\"><strong>D\u00d6RD\u00dcNC\u00dc CEZA DA\u0130RES\u0130<\/strong><\/span><\/center><\/div>\n<table>\n<tbody>\n<tr>\n<td><span style=\"color: #993300;\"><strong>Esas<\/strong><\/span><\/td>\n<td><span style=\"color: #993300;\"><strong>: 2012\/12060<\/strong><\/span><\/td>\n<\/tr>\n<tr>\n<td><span style=\"color: #993300;\"><strong>Karar<\/strong><\/span><\/td>\n<td><span style=\"color: #993300;\"><strong>: 2012\/13844<\/strong><\/span><\/td>\n<\/tr>\n<tr>\n<td><span style=\"color: #993300;\"><strong>Tarih<\/strong><\/span><\/td>\n<td><span style=\"color: #993300;\"><strong>: 06.06.2012<\/strong><\/span><\/td>\n<\/tr>\n<\/tbody>\n<\/table>\n<p style=\"text-align: justify;\">San\u0131\u011f\u0131n 15.05.2005 tarihinde, Seba Dost isimli bayan\u0131n \u00f6l\u00fcm\u00fcyle sonu\u00e7lanan trafik kazas\u0131 sonucu a\u00e7\u0131lan davan\u0131n, kovu\u015fturma a\u015famas\u0131nda tan\u0131k s\u0131fat\u0131yla verdi\u011fi ve g\u00f6rg\u00fc tespit tutana\u011f\u0131 ve bilirki\u015fi raporuyla \u00e7eli\u015fen ifadesinin, ancak vicdan\u0131 kan\u0131y\u0131 olu\u015fturaca\u011f\u0131, bu durum\u00a0yalan\u00a0tan\u0131kl\u0131k\u00a0su\u00e7u\u00a0i\u00e7in kesin delil olamayaca\u011f\u0131 g\u00f6zetilmeden ve san\u0131\u011f\u0131n bu anlat\u0131m\u0131n\u0131n, olay\u0131 yanl\u0131\u015f alg\u0131lama, k\u0131smen g\u00f6rme, kendi g\u00f6rg\u00fcs\u00fcne g\u00f6re aktarma ya da zaman ge\u00e7mesi nedeniyle yanl\u0131\u015f hat\u0131rlamadan m\u0131 kaynakland\u0131\u011f\u0131 de\u011ferlendirilmeden, y\u00fckletilen su\u00e7un kas\u0131t unsurunun delillere dayal\u0131 olarak g\u00f6sterilmesi gerekti\u011fi de d\u00fc\u015f\u00fcn\u00fclmeden, yetersiz gerek\u00e7e ile h\u00fck\u00fcml\u00fcl\u00fck karar\u0131 verilmesi,<\/p>\n<div dir=\"auto\" style=\"text-align: justify;\"><center><\/center><center><span style=\"color: #993300;\"><strong>T.C.<\/strong><\/span><br \/>\n<span style=\"color: #993300;\"><strong>YARGITAY<\/strong><\/span><br \/>\n<span style=\"color: #993300;\"><strong>D\u00d6RD\u00dcNC\u00dc CEZA DA\u0130RES\u0130<\/strong><\/span><\/center><\/div>\n<table>\n<tbody>\n<tr>\n<td><span style=\"color: #993300;\"><strong>Esas<\/strong><\/span><\/td>\n<td><span style=\"color: #993300;\"><strong>: 2010\/21065<\/strong><\/span><\/td>\n<\/tr>\n<tr>\n<td><span style=\"color: #993300;\"><strong>Karar<\/strong><\/span><\/td>\n<td><span style=\"color: #993300;\"><strong>: 2011\/22870<\/strong><\/span><\/td>\n<\/tr>\n<tr>\n<td><span style=\"color: #993300;\"><strong>Tarih<\/strong><\/span><\/td>\n<td><span style=\"color: #993300;\"><strong>: 29.11.2011<\/strong><\/span><\/td>\n<\/tr>\n<\/tbody>\n<\/table>\n<p style=\"text-align: justify;\">San\u0131\u011f\u0131n talimatla al\u0131nan A\u011f\u0131r Ceza Mahkemesine ait yeminli tan\u0131k ifadesinde do\u011fruyu s\u00f6yledi\u011fi, ancak sat\u0131lan otomobil nedeniyle kendisi aleyhine de hukuk mahkemesinde alacak davas\u0131 a\u00e7\u0131lmas\u0131 \u00fczerine bu mahkemede 05.06.2003 tarihinde vermi\u015f oldu\u011fu yeminli ifadesinde\u00a0yalan\u00a0s\u00f6yledi\u011fi Ali Do\u011fan ve Vahit Zeybek&#8217;in ifadelerinden anla\u015f\u0131ld\u0131\u011f\u0131, bu nedenle san\u0131\u011f\u0131n eyleminin\u00a0yalan\u00a0yere yemin etme su\u00e7unu (TCY. 287) olu\u015fturabilece\u011fi anla\u015f\u0131ld\u0131\u011f\u0131ndan,\u00a0yalan\u00a0tan\u0131kl\u0131<wbr \/>k\u00a0su\u00e7unun unsurlar\u0131n\u0131n olu\u015fmamas\u0131 nedeniyle san\u0131\u011f\u0131n beraati yerine mahkumiyetine h\u00fckmedilmesi,<\/p>\n<div dir=\"auto\" style=\"text-align: justify;\"><center><span style=\"color: #993300;\"><strong>T.C.<\/strong><\/span><br \/>\n<span style=\"color: #993300;\"><strong>YARGITAY<\/strong><\/span><br \/>\n<span style=\"color: #993300;\"><strong>CEZA GENEL KURULU<\/strong><\/span><\/center><\/div>\n<table>\n<tbody>\n<tr>\n<td><span style=\"color: #993300;\"><strong>Esas<\/strong><\/span><\/td>\n<td><span style=\"color: #993300;\"><strong>: 2018\/87<\/strong><\/span><\/td>\n<\/tr>\n<tr>\n<td><span style=\"color: #993300;\"><strong>Karar<\/strong><\/span><\/td>\n<td><span style=\"color: #993300;\"><strong>: 2020\/501<\/strong><\/span><\/td>\n<\/tr>\n<tr>\n<td><span style=\"color: #993300;\"><strong>Tarih<\/strong><\/span><\/td>\n<td><span style=\"color: #993300;\"><strong>: 03.12.2020<\/strong><\/span><\/td>\n<\/tr>\n<\/tbody>\n<\/table>\n<p style=\"text-align: justify;\">San\u0131\u011fa at\u0131l\u0131 5237 say\u0131l\u0131 TCK\u2019n\u0131n 272\/3. maddesinde d\u00fczenlenen\u00a0yalan\u00a0tan\u0131kl\u0131k\u00a0<wbr \/>su\u00e7unun yapt\u0131r\u0131m\u0131 2 y\u0131ldan 4 y\u0131la kadar hapis cezas\u0131 olup TCK&#8217;n\u0131n 66\/1-e. maddesi uyar\u0131nca bu su\u00e7un asli dava zamana\u015f\u0131m\u0131 s\u00fcresi sekiz y\u0131l, 67\/4. maddesi g\u00f6z \u00f6n\u00fcne al\u0131nd\u0131\u011f\u0131nda ise kesintili dava zamana\u015f\u0131m\u0131 s\u00fcresi on iki y\u0131ld\u0131r.<\/p>\n<div dir=\"auto\" style=\"text-align: justify;\"><center><\/center><center><span style=\"color: #993300;\"><strong>T.C.<\/strong><\/span><br \/>\n<span style=\"color: #993300;\"><strong>YARGITAY<\/strong><\/span><br \/>\n<span style=\"color: #993300;\"><strong>CEZA GENEL KURULU<\/strong><\/span><\/center><\/div>\n<table>\n<tbody>\n<tr>\n<td><span style=\"color: #993300;\"><strong>Esas<\/strong><\/span><\/td>\n<td><span style=\"color: #993300;\"><strong>: 1980\/74<\/strong><\/span><\/td>\n<\/tr>\n<tr>\n<td><span style=\"color: #993300;\"><strong>Karar<\/strong><\/span><\/td>\n<td><span style=\"color: #993300;\"><strong>: 1980\/103<\/strong><\/span><\/td>\n<\/tr>\n<tr>\n<td><span style=\"color: #993300;\"><strong>Tarih<\/strong><\/span><\/td>\n<td><span style=\"color: #993300;\"><strong>: 17.03.1980<\/strong><\/span><\/td>\n<\/tr>\n<\/tbody>\n<\/table>\n<p style=\"text-align: justify;\">Hari\u00e7te ge\u00e7en olaylara ili\u015fkin bildiklerini tan\u0131k dinlemeye yetkili makam \u00f6n\u00fcnde beyana mecbur olan \u00fc\u00e7\u00fcnc\u00fc \u015fah\u0131slara tan\u0131k denir. Ku\u015fkusuz, tan\u0131\u011f\u0131n ilk g\u00f6revi ger\u00e7e\u011fi bildirmektir. Yalan s\u00f6ylemek, ger\u00e7e\u011fi inkar veya bilgisini saklamak suretiyle ger\u00e7e\u011fe ayk\u0131r\u0131 beyanda bulunmak TCK.nun 286. maddesindeki su\u00e7un maddi unsurlar\u0131n\u0131 olu\u015fturur. Ancak, bu eylemin bilerek, isteyerek yani kasten i\u015flenmesi gerekir. Kasten yalan s\u00f6yleyen, ger\u00e7e\u011fi gizleyene yalanc\u0131 tan\u0131k denir. Yalan, ger\u00e7e\u011fin kasten de\u011fi\u015ftirilmesidir. Ancak; yan\u0131larak, ihmal ederek veya bilmeyerek s\u00f6ylenen s\u00f6zlerde yalan \u015fahadet su\u00e7unun unsurlar\u0131n\u0131n varl\u0131\u011f\u0131n\u0131 kabul olanaks\u0131zd\u0131r. Yarg\u0131tay Ceza Genel Kurulu&#8217;nun 11.3.1957 g\u00fcn ve 4\/36-40 say\u0131l\u0131 karar\u0131nda da: dikkatsizlik, zihni me\u015fguliyet, unutma ve saire gibi sebeplerle san\u0131\u011f\u0131n tan\u0131kl\u0131\u011f\u0131n\u0131n di\u011fer tan\u0131kl\u0131\u011fa uymayabilece\u011fi, b\u00f6ylece belirecek ayk\u0131r\u0131l\u0131\u011f\u0131n\u00a0yalan\u00a0\u015fahadet olarak nitelendirilmeyece\u011fi belirtilmi\u015ftir.<\/p>\n<div class=\"yj6qo\">\n<p style=\"text-align: center;\"><span style=\"color: #993300;\">T.C.<\/span><\/p>\n<p style=\"text-align: center;\"><span style=\"color: #993300;\">YARGITAY<\/span><\/p>\n<p style=\"text-align: center;\"><span style=\"color: #993300;\">8. CEZA DA\u0130RES\u0130<\/span><\/p>\n<p style=\"text-align: center;\"><span style=\"color: #993300;\">E. 2019\/18198<\/span><\/p>\n<p style=\"text-align: center;\"><span style=\"color: #993300;\">K. 2021\/4289<\/span><\/p>\n<p style=\"text-align: center;\"><span style=\"color: #993300;\">T. 18.3.2021<\/span><\/p>\n<div dir=\"auto\" style=\"text-align: justify;\">San\u0131klar hakk\u0131nda d\u00fczenlenen iddianamede sadece kollukta verdikleri ifadeleri y\u00f6n\u00fcnden dava a\u00e7\u0131lmad\u0131\u011f\u0131 ve san\u0131klar\u0131n savc\u0131l\u0131k ifadelerinde kollukta verdikleri ifadeyi \u201caynen tekrar ederim\u201d beyan\u0131nda bulunduklar\u0131 dikkate al\u0131nd\u0131\u011f\u0131nda mahkeme taraf\u0131ndan savc\u0131l\u0131kta verilen ifadeler irdelenmeden sadece kollukta verilen ifadelerin yalan tan\u0131kl\u0131k su\u00e7unu olu\u015fturmayaca\u011f\u0131ndan bahisle hatal\u0131 gerek\u00e7e ile yaz\u0131l\u0131 \u015fekilde h\u00fck\u00fcm tesisi;<\/div>\n<div dir=\"auto\">\n<p style=\"text-align: center;\"><span style=\"color: #993300;\">T.C.<\/span><\/p>\n<p style=\"text-align: center;\"><span style=\"color: #993300;\">YARGITAY<\/span><\/p>\n<p style=\"text-align: center;\"><span style=\"color: #993300;\">4. CEZA DA\u0130RES\u0130<\/span><\/p>\n<p style=\"text-align: center;\"><span style=\"color: #993300;\">E. 2002\/17203<\/span><\/p>\n<p style=\"text-align: center;\"><span style=\"color: #993300;\">K. 2003\/7613<\/span><\/p>\n<p style=\"text-align: center;\"><span style=\"color: #993300;\">T. 16.9.2003<\/span><\/p>\n<div dir=\"auto\" style=\"text-align: justify;\">San\u0131\u011f\u0131n yalan tan\u0131kl\u0131kta bulundu\u011fu ileri s\u00fcr\u00fclen tehdit, yaralama, sarho\u015fluk ve silah g\u00f6sterme su\u00e7lar\u0131na ili\u015fkin davan\u0131n hen\u00fcz sonu\u00e7lanmad\u0131\u011f\u0131n\u0131n anla\u015f\u0131lmas\u0131 ve yalan tan\u0131kl\u0131k su\u00e7lar\u0131nda yarg\u0131lama bitinceye kadar ger\u00e7e\u011fe d\u00f6nmesinin ve bu nedenle de TCY.n\u0131n 289\/2.maddesinin uygulanmas\u0131n\u0131n olanakl\u0131 bulunmas\u0131 kar\u015f\u0131s\u0131nda, s\u00f6z konusu davan\u0131n kesin sonuca ba\u011flanmas\u0131 beklenmelidir.<\/div>\n<div dir=\"auto\">\n<p style=\"text-align: center;\"><span style=\"color: #993300;\">T.C.<\/span><\/p>\n<p style=\"text-align: center;\"><span style=\"color: #993300;\">YARGITAY<\/span><\/p>\n<p style=\"text-align: center;\"><span style=\"color: #993300;\">4. CEZA DA\u0130RES\u0130<\/span><\/p>\n<p style=\"text-align: center;\"><span style=\"color: #993300;\">E. 2003\/13944<\/span><\/p>\n<p style=\"text-align: center;\"><span style=\"color: #993300;\">K. 2005\/119<\/span><\/p>\n<p style=\"text-align: center;\"><span style=\"color: #993300;\">T. 25.1.2005<\/span><\/p>\n<div dir=\"auto\" style=\"text-align: justify;\">Yalan tan\u0131kl\u0131\u011fa\u00a0konu davada san\u0131k ile tan\u0131klar\u0131n anlat\u0131m\u0131 aras\u0131ndaki evden ayr\u0131l\u0131\u015f saati ve tak\u0131lar\u0131 beraber g\u00f6t\u00fcr\u00fcp g\u00f6t\u00fcrmedi\u011fine ili\u015fkin \u00e7eli\u015fkinin ancak vicdani bir kan\u0131y\u0131 olu\u015fturabilece\u011finin,\u00a0yalan tan\u0131kl\u0131k\u00a0i\u00e7in kesin bir kan\u0131t olu\u015fturamayaca\u011f\u0131n\u0131n g\u00f6zetilmesi gerekir.<\/div>\n<div dir=\"auto\">\n<p style=\"text-align: center;\"><span style=\"color: #993300;\">T.C.<\/span><\/p>\n<p style=\"text-align: center;\"><span style=\"color: #993300;\">YARGITAY<\/span><\/p>\n<p style=\"text-align: center;\"><span style=\"color: #993300;\">4. CEZA DA\u0130RES\u0130<\/span><\/p>\n<p style=\"text-align: center;\"><span style=\"color: #993300;\">E. 2007\/9323<\/span><\/p>\n<p style=\"text-align: center;\"><span style=\"color: #993300;\">K. 2009\/5486<\/span><\/p>\n<p style=\"text-align: center;\"><span style=\"color: #993300;\">T. 24.3.2009<\/span><\/p>\n<div dir=\"auto\" style=\"text-align: justify;\">Mahkeme huzurunda olay\u0131 g\u00f6rmedi\u011fini ma\u011fdurun ricas\u0131 ve hat\u0131r\u0131na binaen\u00a0yalan tan\u0131kl\u0131k\u00a0yapt\u0131\u011f\u0131n\u0131 s\u00f6ylemesi kar\u015f\u0131s\u0131nda; hangi anlat\u0131m\u0131n ger\u00e7e\u011fe ayk\u0131r\u0131 oldu\u011funun saptanmas\u0131 bak\u0131m\u0131ndan ad\u0131 ge\u00e7en san\u0131\u011f\u0131n san\u0131k oldu\u011fu davan\u0131n sonucunun beklenmesi, ad\u0131 ge\u00e7en ki\u015finin beraat etmesi halinde\u00a0yalan tan\u0131kl\u0131k\u00a0su\u00e7u\u00a0i\u00e7in TCY 274\/1 maddesinde belirtilen cezas\u0131zl\u0131k halinin olu\u015faca\u011f\u0131 g\u00f6zetilmelidir.<\/div>\n<div dir=\"auto\" style=\"text-align: justify;\">San\u0131k F. G.&#8217;\u00fcn ma\u011fduru Z. T. san\u0131\u011f\u0131 H. S. olan ceza davas\u0131n\u0131n soru\u015fturma a\u015famas\u0131nda savc\u0131 huzurunda, olay\u0131 g\u00f6rd\u00fc\u011f\u00fcn\u00fc san\u0131\u011f\u0131n at\u0131l\u0131\u00a0su\u00e7lar\u0131\u00a0i\u015fledi\u011fini belirtmesine kar\u015f\u0131n, mahkeme huzurunda olay\u0131 g\u00f6rmedi\u011fini ma\u011fdurun ricas\u0131 ve hat\u0131r\u0131na binaen\u00a0yalan tan\u0131kl\u0131k\u00a0yapt\u0131\u011f\u0131n\u0131 s\u00f6ylemesi kar\u015f\u0131s\u0131nda; hangi anlat\u0131m\u0131n ger\u00e7e\u011fe ayk\u0131r\u0131 oldu\u011funun saptanmas\u0131 bak\u0131m\u0131ndan H. S.&#8217;n\u0131n san\u0131k oldu\u011fu davan\u0131n sonucunun beklenmesi, ad\u0131 ge\u00e7en ki\u015finin beraat etmesi halinde\u00a0yalan tan\u0131kl\u0131k\u00a0su\u00e7u\u00a0i\u00e7in TCY 274\/1 maddesinde belirtilen cezas\u0131zl\u0131k halinin olu\u015faca\u011f\u0131 g\u00f6zetilmeden, yaz\u0131l\u0131 bi\u00e7imde karar verilmesi,<\/div>\n<div dir=\"auto\">\n<p style=\"text-align: center;\"><span style=\"color: #993300;\">T.C.<\/span><\/p>\n<p style=\"text-align: center;\"><span style=\"color: #993300;\">YARGITAY<\/span><\/p>\n<p style=\"text-align: center;\"><span style=\"color: #993300;\">CEZA GENEL KURULU<\/span><\/p>\n<p style=\"text-align: center;\"><span style=\"color: #993300;\">E. 2014\/9-428<\/span><\/p>\n<p style=\"text-align: center;\"><span style=\"color: #993300;\">K. 2018\/8<\/span><\/p>\n<p style=\"text-align: center;\"><span style=\"color: #993300;\">T. 16.1.2018<\/span><\/p>\n<div dir=\"auto\" style=\"text-align: justify;\">Dava;\u00a0Yalan\u00a0tan\u0131kl\u0131k\u00a0su\u00e7una\u00a0<wbr \/>ili\u015fkindir. San\u0131\u011f\u0131n \u015fik\u00e2yet\u00e7inin silahl\u0131 sald\u0131r\u0131ya u\u011frad\u0131\u011f\u0131 iddias\u0131 ile ilgili olarak yap\u0131lan soru\u015fturma s\u0131ras\u0131nda kollukta &#8220;ellerindeki tabanca ile araca do\u011fru tahminen alt\u0131 el silahla ate\u015f ettiklerini&#8221; beyan etmesine ra\u011fmen bu olayla ilgili a\u00e7\u0131lan kamu davas\u0131 sebebiyle yap\u0131lan duru\u015fma s\u0131ras\u0131nda, soru\u015fturma evresinde kollu\u011fa verdi\u011fi ifadeden farkl\u0131 olarak &#8220;san\u0131klar\u0131 olay yerinde g\u00f6rmedi\u011fini&#8221; beyan etmesi sebebiyle mahkeme huzurunda\u00a0yalan\u00a0tan\u0131kl\u0131k\u00a0<wbr \/>yapt\u0131\u011f\u0131 iddia edilen olayda; hakk\u0131nda silahla birden fazla ki\u015fi taraf\u0131ndan birlikte tehdit, 6136 Say\u0131l\u0131 Kanuna ayk\u0131r\u0131l\u0131k ve mala zarar verme\u00a0su\u00e7lar\u0131ndan\u00a0yarg\u0131lama yapan mahkemece san\u0131\u011f\u0131n yaln\u0131zca\u00a0yalan\u00a0tan\u0131kl\u0131k\u00a0su\u00e7unu<wbr \/>\u00a0olu\u015fturdu\u011fu iddia edilen beyanlar\u0131na dayan\u0131larak mahk\u00fbmiyet h\u00fckm\u00fc kurulmay\u0131p olay tutana\u011f\u0131, olay yeri inceleme raporu, olay yeri krokisi, kriminal inceleme raporu, te\u015fhis tutana\u011f\u0131, m\u00fc\u015fteki ve tan\u0131k anlat\u0131mlar\u0131 gibi di\u011fer delillere de dayan\u0131lmas\u0131 kar\u015f\u0131s\u0131nda, san\u0131\u011f\u0131n tan\u0131k olarak beyan\u0131n\u0131n al\u0131nd\u0131\u011f\u0131 A\u011f\u0131r Ceza Mahkemesi&#8217;nin dosyas\u0131n\u0131n getirtilip incelenerek asl\u0131 ya da onayl\u0131 \u00f6rne\u011finin dosya aras\u0131na al\u0131nmas\u0131, dosyadaki t\u00fcm delillerin birlikte de\u011ferlendirilerek sonucuna g\u00f6re san\u0131\u011f\u0131n hukuki durumunun belirlenmesi gerekir.<\/div>\n<div dir=\"auto\">\n<p style=\"text-align: center;\"><span style=\"color: #993300;\">T.C.<\/span><\/p>\n<p style=\"text-align: center;\"><span style=\"color: #993300;\">YARGITAY<\/span><\/p>\n<p style=\"text-align: center;\"><span style=\"color: #993300;\">16. CEZA DA\u0130RES\u0130<\/span><\/p>\n<p style=\"text-align: center;\"><span style=\"color: #993300;\">E. 2015\/5678<\/span><\/p>\n<p style=\"text-align: center;\"><span style=\"color: #993300;\">K. 2015\/4321<\/span><\/p>\n<p style=\"text-align: center;\"><span style=\"color: #993300;\">T. 17.11.2015<\/span><\/p>\n<div dir=\"auto\" style=\"text-align: justify;\">Somut olayda; ba\u015fka\u00a0su\u00e7tan\u00a0cezaevinde tutuklu olarak bulunan san\u0131\u011f\u0131n A\u011f\u0131r Ceza Mahkkemesi dosyas\u0131na yazd\u0131\u011f\u0131 dilek\u00e7ede \u00f6zetle; davaya konu cinayetle ilgili olarak bir \u015fahs\u0131n\u00a0su\u00e7u\u00a0\u00fcst\u00fcne ald\u0131\u011f\u0131 konusunda duyumlar\u0131 oldu\u011funu, katk\u0131da bulunmak istedi\u011fini belirtmesi \u00fczerine an\u0131lan mahkemece tan\u0131k s\u0131fat\u0131yla tespit edilen ifadesinde, dilek\u00e7esinde yazd\u0131klar\u0131n\u0131n do\u011fru olmad\u0131\u011f\u0131n\u0131 intikam amac\u0131yla ba\u015fka \u015fah\u0131slar\u0131\u00a0su\u00e7lar\u00a0tarzda dilek\u00e7e g\u00f6nderdi\u011fini beyan etti\u011fi, ancak dilek\u00e7e i\u00e7eri\u011finin do\u011fru ya da yanl\u0131\u015f oldu\u011funa veya mahkemede tan\u0131k s\u0131fat\u0131yla al\u0131nan ifadesinin bask\u0131 alt\u0131nda verilmi\u015f olup olmad\u0131\u011f\u0131n\u0131n kesin olarak saptanamad\u0131\u011f\u0131, mahkemece tan\u0131k s\u0131fat\u0131yla verilen ifadelerinin do\u011frulu\u011funun kabul\u00fc kar\u015f\u0131s\u0131nda,\u00a0yalan tan\u0131kl\u0131k\u00a0su\u00e7unun\u00a0olu\u015fmayaca\u011f\u0131, cezaevinden g\u00f6ndermi\u015f oldu\u011fu dilek\u00e7enin,\u00a0yalan tan\u0131kl\u0131k\u00a0yapmak i\u00e7in yap\u0131lm\u0131\u015f bir ba\u015fvuru oldu\u011funun kabul\u00fc halinde, eyleminin TCK&#8217;n\u0131n\u00a036. maddesi kapsam\u0131nda kald\u0131\u011f\u0131, bu kabul d\u0131\u015f\u0131nda dilek\u00e7e vermek \u015feklindeki eylemin\u00a0su\u00e7un\u00a0maddi unsurunu olu\u015fturmayaca\u011f\u0131 g\u00f6zetilmeden yaz\u0131l\u0131 \u015fekilde mahkumiyet h\u00fckm\u00fc kurulmas\u0131 hatal\u0131d\u0131r.<\/div>\n<div dir=\"auto\">\n<p style=\"text-align: center;\"><span style=\"color: #993300;\">T.C.<\/span><\/p>\n<p style=\"text-align: center;\"><span style=\"color: #993300;\">YARGITAY<\/span><\/p>\n<p style=\"text-align: center;\"><span style=\"color: #993300;\">8. CEZA DA\u0130RES\u0130<\/span><\/p>\n<p style=\"text-align: center;\"><span style=\"color: #993300;\">E. 2020\/10759<\/span><\/p>\n<p style=\"text-align: center;\"><span style=\"color: #993300;\">K. 2022\/16108<\/span><\/p>\n<p style=\"text-align: center;\"><span style=\"color: #993300;\">T. 8.11.2022<\/span><\/p>\n<div dir=\"auto\" style=\"text-align: justify;\">TCK.n\u0131n 272. maddesinde d\u00fczenlenen yalan\u00a0tan\u0131kl\u0131k\u00a0<wbr \/>su\u00e7unun\u00a0olu\u015fmas\u0131 i\u00e7in; hukuka ayk\u0131r\u0131 bir fiil nedeniyle soru\u015fturma kapsam\u0131nda tan\u0131k dinlemeye yetkili ki\u015fi veya kurul \u00f6n\u00fcnde ger\u00e7e\u011fe ayk\u0131r\u0131 olarak\u00a0tan\u0131kl\u0131k\u00a0yap\u0131lmas\u0131 ya da mahkeme veya yemin ettirerek tan\u0131k dinlemeye yetkili ki\u015fi veya kurul \u00f6n\u00fcnde ger\u00e7e\u011fe ayk\u0131r\u0131 olarak\u00a0tan\u0131kl\u0131k\u00a0yap\u0131lmas\u0131n\u0131n zorunlu bulunmas\u0131, ba\u015fka deyi\u015fle hukuksal bir uyu\u015fmazl\u0131\u011fa konu bir olayla ilgili olarak bilgisini aktaran ki\u015finin yasalar gere\u011fi \u201ctan\u0131k\u201d s\u0131fat\u0131yla dinlenilmesi gerekli olup, an\u0131lan\u00a0su\u00e7, kendisinin kat\u0131lmad\u0131\u011f\u0131 olaylara ili\u015fkin bildiklerini tan\u0131k dinlemeye yetkili merciler \u00f6n\u00fcnde a\u00e7\u0131klamaya zorunlu olan kimselerin\u00a0yalan\u00a0s\u00f6ylemesi veya ger\u00e7e\u011fi inkar etmesi yahut dinlendi\u011fi konudaki bilgilerini az veya \u00e7ok s\u00f6ylememesi ile ger\u00e7ekle\u015fir.\u00a0Su\u00e7un\u00a0olu\u015fumu i\u00e7in yasa koyucu\u00a0yalan\u00a0tan\u0131kl\u0131\u011f\u0131n\u00a0sadece ceza soru\u015fturma ve kovu\u015fturmalar\u0131nda ger\u00e7ekle\u015fmesini aramam\u0131\u015f, hukuk davalar\u0131nda veya idari soru\u015fturma yapan merciler \u00f6n\u00fcnde ger\u00e7ekle\u015fen\u00a0yalan\u00a0tan\u0131kl\u0131k\u00a0da\u00a0<wbr \/>su\u00e7\u00a0kapsam\u0131nda de\u011ferlendirilmi\u015f, ancak\u00a0tan\u0131kl\u0131k\u00a0yap\u0131lan makam\u0131n \u201cmahkeme\u201d veya \u201cyemin ettirmeye yetkili ki\u015fi veya kurul\u201d olmas\u0131 ise daha a\u011f\u0131r cezay\u0131 gerektiren nitelikli hal say\u0131lm\u0131\u015ft\u0131r.<\/div>\n<div dir=\"auto\">\n<p style=\"text-align: center;\"><span style=\"color: #993300;\">T.C.<\/span><\/p>\n<p style=\"text-align: center;\"><span style=\"color: #993300;\">YARGITAY<\/span><\/p>\n<p style=\"text-align: center;\"><span style=\"color: #993300;\">8. CEZA DA\u0130RES\u0130<\/span><\/p>\n<p style=\"text-align: center;\"><span style=\"color: #993300;\">E. 2020\/279<\/span><\/p>\n<p style=\"text-align: center;\"><span style=\"color: #993300;\">K. 2021\/2585<\/span><\/p>\n<p style=\"text-align: center;\"><span style=\"color: #993300;\">T. 22.2.2021<\/span><\/p>\n<div dir=\"auto\" style=\"text-align: justify;\">San\u0131\u011f\u0131n di\u011fer san\u0131klar ile birlikte i\u015fledi\u011fi iddia edilen\u00a0yalan\u00a0tan\u0131kl\u0131k\u00a0su\u00e7unun\u00a0<wbr \/>istinaf edilmesi \u00fczerine, an\u0131lan di\u011fer san\u0131klara &#8220;tan\u0131kl\u0131ktan\u00a0ve yeminden \u00e7ekilme haklar\u0131 hat\u0131rlat\u0131lmad\u0131\u011f\u0131ndan, dolay\u0131s\u0131yla olayda hukuka uygunluk nedeni bulundu\u011fundan&#8221; bahisle beraat karar\u0131 verildi\u011fi, san\u0131k hakk\u0131nda verilen h\u00fckm\u00fcn a\u00e7\u0131klanmas\u0131n\u0131n geri b\u0131rak\u0131lmas\u0131 karar\u0131n\u0131n, itiraz edilmeksizin kesinle\u015fmi\u015f olmas\u0131 nedeniyle\u00a0yalan\u00a0tan\u0131kl\u0131k\u00a0<wbr \/>su\u00e7unun, beraat karar\u0131 verilen san\u0131klarla i\u015ftirak halinde i\u015flenmi\u015f olmas\u0131 ve hukuka uygunluk nedeni bulundu\u011fundan san\u0131\u011f\u0131n beraatine karar verilmesi gerekti\u011fi g\u00f6zetilmeden mahkumiyet karar\u0131 verilmesi bozmay\u0131 gerektirmi\u015ftir.<\/div>\n<div dir=\"auto\">\n<p style=\"text-align: center;\"><span style=\"color: #993300;\">T.C.<\/span><\/p>\n<p style=\"text-align: center;\"><span style=\"color: #993300;\">YARGITAY<\/span><\/p>\n<p style=\"text-align: center;\"><span style=\"color: #993300;\">11. CEZA DA\u0130RES\u0130<\/span><\/p>\n<p style=\"text-align: center;\"><span style=\"color: #993300;\">E. 2014\/11<\/span><\/p>\n<p style=\"text-align: center;\"><span style=\"color: #993300;\">K. 2014\/2951<\/span><\/p>\n<p style=\"text-align: center;\"><span style=\"color: #993300;\">T. 20.2.2014<\/span><\/p>\n<div dir=\"auto\" style=\"text-align: justify;\">TCK&#8217;nun 272. maddesinde d\u00fczenlenen\u00a0<a name=\"m_5360230274950170208_fm\"><\/a>yalan\u00a0tan\u0131kl\u0131k\u00a0<wbr \/>su\u00e7unun\u00a0olu\u015fmas\u0131 i\u00e7in; hukuka ayk\u0131r\u0131 bir fiil nedeniyle soru\u015fturma kapsam\u0131nda tan\u0131k dinlemeye yetkili ki\u015fi veya kurul \u00f6n\u00fcnde ger\u00e7e\u011fe ayk\u0131r\u0131 olarak\u00a0tan\u0131kl\u0131k\u00a0yap\u0131lmas\u0131 ya da mahkeme veya yemin ettirerek tan\u0131k dinlemeye yetkili ki\u015fi veya kurul \u00f6n\u00fcnde ger\u00e7e\u011fe ayk\u0131r\u0131 olarak\u00a0tan\u0131kl\u0131k\u00a0yap\u0131lmas\u0131n\u0131n zorunlu bulunmas\u0131, ba\u015fka deyi\u015fle hukuksal bir uyu\u015fmazl\u0131\u011fa konu bir olayla ilgili olarak bilgisini aktaran ki\u015finin yasalar gere\u011fi \u201ctan\u0131k\u201d s\u0131fat\u0131yla dinlenilmesi gerekli olup, an\u0131lan\u00a0su\u00e7, kendisinin kat\u0131lmad\u0131\u011f\u0131 olaylara ili\u015fkin bildiklerini tan\u0131k dinlemeye yetkili merciler \u00f6n\u00fcnde a\u00e7\u0131klamaya zorunlu olan kimselerin\u00a0yalan\u00a0s\u00f6ylemesi veya ger\u00e7e\u011fi inkar etmesi yahut dinlendi\u011fi konudaki bilgilerini az veya \u00e7ok s\u00f6ylememesi ile ger\u00e7ekle\u015fir.\u00a0Su\u00e7un\u00a0olu\u015fumu i\u00e7in yasa koyucu\u00a0yalan\u00a0tan\u0131kl\u0131\u011f\u0131n\u00a0sadece ceza soru\u015fturma ve kovu\u015fturmalar\u0131nda ger\u00e7ekle\u015fmesini aramam\u0131\u015f, hukuk davalar\u0131nda veya idari soru\u015fturma yapan merciler \u00f6n\u00fcnde ger\u00e7ekle\u015fen\u00a0yalan\u00a0tan\u0131kl\u0131k\u00a0da\u00a0<wbr \/>su\u00e7\u00a0kapsam\u0131nda de\u011ferlendirilmi\u015f, ancak\u00a0tan\u0131kl\u0131k\u00a0yap\u0131lan makam\u0131n \u201cmahkeme\u201d veya \u201cyemin ettirmeye yetkili ki\u015fi veya kurul\u201d olmas\u0131 ise daha a\u011f\u0131r cezay\u0131 gerektiren nitelikli hal say\u0131lm\u0131\u015ft\u0131r.<\/div>\n<div dir=\"auto\">\n<p style=\"text-align: center;\"><span style=\"color: #993300;\">T.C.<\/span><\/p>\n<p style=\"text-align: center;\"><span style=\"color: #993300;\">YARGITAY<\/span><\/p>\n<p style=\"text-align: center;\"><span style=\"color: #993300;\">16. CEZA DA\u0130RES\u0130<\/span><\/p>\n<p style=\"text-align: center;\"><span style=\"color: #993300;\">E. 2015\/3993<\/span><\/p>\n<p style=\"text-align: center;\"><span style=\"color: #993300;\">K. 2015\/3576<\/span><\/p>\n<p style=\"text-align: center;\"><span style=\"color: #993300;\">T. 3.11.2015<\/span><\/p>\n<div dir=\"auto\" style=\"text-align: justify;\">San\u0131\u011f\u0131n tan\u0131k olarak dinlendi\u011fi davaya konu olayda &#8220;kumar oynayan&#8221; s\u0131fat\u0131yla yer ald\u0131\u011f\u0131 ve kumar oynaman\u0131n 5326 say\u0131l\u0131 Kabahatler Kanununun\u00a034. maddesinde kabahat olarak d\u00fczenlendi\u011fi g\u00f6zetildi\u011finde, san\u0131\u011f\u0131n olay mahalli dernekte kumar oynand\u0131\u011f\u0131n\u0131 s\u00f6ylemesi durumunda kendisinin de kumar oynad\u0131\u011f\u0131n\u0131 kabullendi\u011fi sonucu \u00e7\u0131kaca\u011f\u0131na g\u00f6re; Avrupa \u0130nsan Haklar\u0131 Mahkemesinin bu y\u00f6ndeki uygulamalar\u0131 ve 1982 Anayasas\u0131n\u0131n &#8220;Hi\u00e7 kimse kendisini ve kanunda g\u00f6sterilen yak\u0131nlar\u0131n\u0131 su\u00e7layan bir beyanda bulunmaya veya bu yolda delil g\u00f6stermeye zorlanamaz.&#8221; \u015feklindeki h\u00fckm\u00fc g\u00f6zetilerek san\u0131\u011f\u0131n bu olayda CMK&#8217;n\u0131n\u00a048.maddesi uyar\u0131nca\u00a0tan\u0131kl\u0131ktan\u00a0\u00e7ekinme hakk\u0131n\u0131n kabul\u00fcyle kendisine bu y\u00f6nde hat\u0131rlatma yap\u0131lmas\u0131 gerekirken hat\u0131rlatma yap\u0131lmadan al\u0131nan beyan\u0131n\u0131n\u00a0yalan tan\u0131kl\u0131k su\u00e7unu\u00a0olu\u015fturdu\u011fundan bahisle cezaland\u0131r\u0131lmas\u0131na karar verilmesi, kanuna ayk\u0131r\u0131d\u0131r.<\/div>\n<div dir=\"auto\">\n<p style=\"text-align: center;\"><span style=\"color: #993300;\">T.C.<\/span><\/p>\n<p style=\"text-align: center;\"><span style=\"color: #993300;\">YARGITAY<\/span><\/p>\n<p style=\"text-align: center;\"><span style=\"color: #993300;\">8. CEZA DA\u0130RES\u0130<\/span><\/p>\n<p style=\"text-align: center;\"><span style=\"color: #993300;\">E. 2017\/15009<\/span><\/p>\n<p style=\"text-align: center;\"><span style=\"color: #993300;\">K. 2017\/11260<\/span><\/p>\n<p style=\"text-align: center;\"><span style=\"color: #993300;\">T. 12.10.2017<\/span><\/p>\n<div dir=\"auto\" style=\"text-align: justify;\">Dava;\u00a0yalan\u00a0tan\u0131kl\u0131k\u00a0su\u00e7una\u00a0<wbr \/>ili\u015fkindir. Soru\u015fturmaya konu olayda, \u015f\u00fcphelilerin\u00a0yalan\u00a0tan\u0131kl\u0131k\u00a0<wbr \/>yapt\u0131klar\u0131 ileri s\u00fcr\u00fclen Asliye Hukuk Mahkemesi dosyas\u0131 getirtilmesi, \u015fikayet\u00e7i vekilinin dilek\u00e7esinde ad\u0131 ge\u00e7en ve olaya dair bilgisi bulundu\u011fu belirtilen ki\u015finin tan\u0131k s\u0131fat\u0131yla beyan\u0131n\u0131n al\u0131nmas\u0131 ve t\u00fcm kan\u0131tlar\u0131n birlikte de\u011ferlendirildikten sonra sonucuna g\u00f6re bir karar verilmesi gerekti\u011fi g\u00f6zetilip itiraz\u0131n kabul\u00fcne karar verilmesi gerekirken reddine karar verilmesinde isabet g\u00f6r\u00fclmemi\u015ftir.<\/div>\n<div dir=\"auto\"><\/div>\n<div dir=\"auto\" style=\"text-align: center;\">\n<p><span style=\"color: #993300;\">YARGITAY<\/span><\/p>\n<p><span style=\"color: #993300;\">8. CEZA DA\u0130RES\u0130<\/span><\/p>\n<p><span style=\"color: #993300;\">E. 2020\/12227<\/span><\/p>\n<p><span style=\"color: #993300;\">K. 2022\/18118<\/span><\/p>\n<p><span style=\"color: #993300;\">T. 30.11.2022<\/span><\/p>\n<div dir=\"auto\" style=\"text-align: justify;\">Maddi vak\u0131alarda esasl\u0131 bir de\u011fi\u015fiklik bulunmayan beyanlar\u0131n\u0131n yalan tan\u0131kl\u0131k su\u00e7unu <wbr \/>olu\u015fturmayaca\u011f\u0131ndan, san\u0131\u011f\u0131n da\u00a0yalan tan\u0131kl\u0131\u011fa\u00a0zorlama\u00a0su\u00e7undan\u00a0<wbr \/>bahsedilemeyece\u011fi,<\/div>\n<div dir=\"auto\">\n<p><span style=\"color: #993300;\">T.C.<\/span><\/p>\n<p><span style=\"color: #993300;\">YARGITAY<\/span><\/p>\n<p><span style=\"color: #993300;\">11. CEZA DA\u0130RES\u0130<\/span><\/p>\n<p><span style=\"color: #993300;\">E. 2017\/11228<\/span><\/p>\n<p><span style=\"color: #993300;\">K. 2019\/6996<\/span><\/p>\n<p><span style=\"color: #993300;\">T. 3.10.2019<\/span><\/p>\n<div dir=\"auto\" style=\"text-align: justify;\">San\u0131klardan biri hakk\u0131ndaki isnada y\u00f6nelik olarak \u015f\u00fcpheli s\u0131fat\u0131yla beyan\u0131n\u0131n al\u0131nd\u0131\u011f\u0131, tan\u0131k s\u0131fat\u0131yla bir beyan\u0131n\u0131n olmad\u0131\u011f\u0131 anla\u015f\u0131ld\u0131\u011f\u0131ndan, at\u0131l\u0131 su\u00e7un yasal unsurlar\u0131 olu\u015fmad\u0131\u011f\u0131ndan san\u0131\u011f\u0131n beraati yerine yaz\u0131l\u0131 \u015fekilde karar verilmesi, hatal\u0131d\u0131r. San\u0131klardan biri y\u00f6n\u00fcnden; san\u0131\u011f\u0131n Cumhuriyet savc\u0131l\u0131\u011f\u0131ndaki tan\u0131k s\u0131fat\u0131yla verdi\u011fi yeminli beyan\u0131 \u00fczerine Cumhuriyet Ba\u015fsavc\u0131l\u0131\u011f\u0131\u2018n\u0131n kovu\u015fturmaya yer olmad\u0131\u011f\u0131na dair karar verildi\u011fi, bu karara ili\u015fkin itiraz\u0131n da merciince red olunarak kesinle\u015fti\u011fi, daha sonra SGK denetmenli\u011fince al\u0131nan beyan\u0131nda ise kovu\u015fturmaya yer olmad\u0131\u011f\u0131na ili\u015fkin karara dayanak tan\u0131kl\u0131\u011f\u0131n\u0131n ger\u00e7e\u011fi yans\u0131tmad\u0131\u011f\u0131n\u0131 belirtmek suretiyle ger\u00e7e\u011fe ayk\u0131r\u0131 s\u00f6ylemlerini kovu\u015fturmaya yer olmad\u0131\u011f\u0131na dair karar\u0131n kesinle\u015fmesinden sonra de\u011fi\u015ftirdi\u011finin anla\u015f\u0131lmas\u0131 kar\u015f\u0131s\u0131nda; unsurlar\u0131 itibariyle olu\u015fan yalan tan\u0131kl\u0131k su\u00e7undan mahkumiyeti yerine yaz\u0131l\u0131 \u015fekilde karar verilmesi, isabetsizdir<\/div>\n<div dir=\"auto\"><\/div>\n<div dir=\"auto\"><span style=\"color: #993300; font-size: large;\">Y.Ceza Genel Kurulu<\/span><\/div>\n<\/div>\n<div dir=\"auto\"><span style=\"color: #993300; font-size: large;\">Esas No: 2015\/187<\/span><br \/>\n<span style=\"color: #993300; font-size: large;\">Karar No: 2018\/206<\/span><\/p>\n<div dir=\"auto\"><\/div>\n<div dir=\"auto\" style=\"text-align: justify;\">Tan\u0131kl\u0131k; bir olay\u0131n tan\u0131\u011f\u0131 olmu\u015f ya da \u00f6yle oldu\u011fu varsay\u0131lan bir kimsenin be\u015f duyusu ile \u00f6\u011frendi\u011fi bilgileri tan\u0131k dinlemeye yetkili makam \u00f6n\u00fcnde anlatmas\u0131d\u0131r. Tan\u0131k, tan\u0131kl\u0131\u011f\u0131n\u0131n konusunu olu\u015fturan hususlar hakk\u0131nda bildiklerini veya g\u00f6rd\u00fcklerini tam olarak a\u00e7\u0131klamakla y\u00fck\u00fcml\u00fcd\u00fcr.<\/div>\n<div dir=\"auto\"><\/div>\n<div dir=\"auto\" style=\"text-align: justify;\">Yalan tan\u0131kl\u0131k su\u00e7uyla, yarg\u0131laman\u0131n do\u011fru olmayan beyanlarla ger\u00e7e\u011fe ayk\u0131r\u0131 bir \u015fekilde y\u00f6nlendirilmesinin \u00f6n\u00fcne ge\u00e7ilerek adaletin tecellisi sa\u011flanmak suretiyle yarg\u0131laman\u0131n taraflar\u0131n\u0131n haklar\u0131n\u0131n zarar g\u00f6rmesinin engellenmesi ama\u00e7lanmaktad\u0131r. Yalan tan\u0131kl\u0131k su\u00e7unun maddi unsurunu olu\u015fturan hareket, failin ger\u00e7e\u011fe ayk\u0131r\u0131 olarak tan\u0131kl\u0131k yapmas\u0131 ve yalan s\u00f6ylemesidir. Ger\u00e7e\u011fe ayk\u0131r\u0131 tan\u0131kl\u0131k yapmak, maddi olay hakk\u0131nda bilerek ger\u00e7e\u011fe ayk\u0131r\u0131 beyanda bulunmak, yalan s\u00f6ylemek, ger\u00e7e\u011fi ink\u00e2r etmek ya da sorulan sorularda bilgisini az veya \u00e7ok saklamakt\u0131r. Yemin su\u00e7un unsuru olmamakla birlikte, tan\u0131kl\u0131\u011f\u0131n yemin ettirerek tan\u0131k dinlemeye yetkili ki\u015fi veya kurul \u00f6n\u00fcnde yap\u0131lmas\u0131, su\u00e7un daha fazla ceza verilmesini gerektiren nitelikli h\u00e2lini olu\u015fturmaktad\u0131r. 5237 say\u0131l\u0131 T\u00fcrk Ceza Kanununun 272. maddesinin gerek\u00e7esinde de su\u00e7un maddi unsuru; &#8220;Su\u00e7un madd\u00ee unsuru yalan s\u00f6ylemek veya tan\u0131kl\u0131\u011f\u0131n konusunu olu\u015fturan hususlar hakk\u0131ndaki bilgiyi, bilerek, k\u0131smen veya tamamen saklamakt\u0131r. Yalan s\u00f6ylemek deyimi, tabi\u00ee olarak ger\u00e7e\u011fi inkar etmeyi de kapsamaktad\u0131r&#8221; \u015feklinde a\u00e7\u0131klanm\u0131\u015ft\u0131r. Yalan tan\u0131kl\u0131k su\u00e7undan bahsedebilmek i\u00e7in failin hem tan\u0131kl\u0131k yapt\u0131\u011f\u0131n\u0131n hem de tan\u0131kl\u0131\u011f\u0131 s\u0131ras\u0131nda s\u00f6ylediklerinin ger\u00e7e\u011fe ayk\u0131r\u0131 oldu\u011funun belirlenmesi gerekmektedir. Tan\u0131\u011f\u0131n ger\u00e7e\u011fe ayk\u0131r\u0131 her beyan\u0131 yalan tan\u0131kl\u0131k su\u00e7unu olu\u015fturmayacakt\u0131r. Bu nedenle tan\u0131\u011f\u0131n do\u011fru sand\u0131\u011f\u0131 a\u00e7\u0131klamalar\u0131n objektif olarak ger\u00e7ek d\u0131\u015f\u0131 olmas\u0131 bu su\u00e7un olu\u015fmas\u0131 i\u00e7in yeterli de\u011fildir. Tan\u0131\u011f\u0131n bilin\u00e7li olarak ger\u00e7ekten ayr\u0131lmas\u0131 gerekmektedir. Bu itibarla tan\u0131k, beyan\u0131nda samimi oldu\u011fu ve alg\u0131lad\u0131\u011f\u0131 olay\u0131 tamamen alg\u0131lay\u0131\u015f bi\u00e7imi i\u00e7inde a\u00e7\u0131klad\u0131ysa yalan beyanda bulunmu\u015f say\u0131lmamal\u0131d\u0131r. Zira yalan ger\u00e7e\u011fin kasten de\u011fi\u015ftirilmesi olup yan\u0131lma ve ihmal ederek veya bilmeyerek s\u00f6ylenen s\u00f6zlerde, yalan tan\u0131kl\u0131k su\u00e7unun unsurlar\u0131n\u0131n olu\u015fmad\u0131\u011f\u0131 kabul edilmelidir. Ba\u015fka bir anlat\u0131mla tan\u0131\u011f\u0131n beyanlar\u0131 aras\u0131nda \u00e7eli\u015fki bulunmas\u0131 tek ba\u015f\u0131na yalan tan\u0131kl\u0131k su\u00e7unun olu\u015ftu\u011funun kabul\u00fc i\u00e7in yeterli de\u011fildir. Su\u00e7un t\u00fcm unsurlar\u0131n\u0131n \u00f6zellikle de ger\u00e7e\u011fe ayk\u0131r\u0131 tan\u0131kl\u0131\u011f\u0131n bilinerek ve istenerek yap\u0131ld\u0131\u011f\u0131n\u0131n \u015f\u00fcpheye yer verilmeyecek \u015fekilde ispatlanmas\u0131 gerekmektedir. Uyu\u015fmazl\u0131k konusunu olu\u015fturan ve yalan tan\u0131kl\u0131k su\u00e7unda etkin pi\u015fmanl\u0131k h\u00fck\u00fcmlerinin d\u00fczenlendi\u011fi TCK\u2019nun &#8220;Etkin pi\u015fmanl\u0131k&#8221; ba\u015fl\u0131kl\u0131 274. maddesi;<\/div>\n<div dir=\"auto\"><\/div>\n<div dir=\"auto\" style=\"text-align: justify;\">\u201c(1) Aleyhine tan\u0131kl\u0131k yap\u0131lan ki\u015fi hakk\u0131nda bir hak k\u0131s\u0131tlamas\u0131n\u0131 veya yoksunlu\u011funu sonu\u00e7layacak nitelikte karar verilmeden veya h\u00fck\u00fcmden \u00f6nce ger\u00e7e\u011fin s\u00f6ylenmesi halinde, cezaya h\u00fckmolunmaz.<br \/>\n(2) Aleyhine tan\u0131kl\u0131k yap\u0131lan ki\u015fi hakk\u0131nda bir hak k\u0131s\u0131tlamas\u0131n\u0131 veya yoksunlu\u011funu sonu\u00e7layacak nitelikte karar verildikten sonra ve fakat h\u00fck\u00fcmden \u00f6nce ger\u00e7e\u011fin s\u00f6ylenmesi halinde, verilecek cezan\u0131n \u00fc\u00e7te ikisinden yar\u0131s\u0131na kadar\u0131 indirilebilir.<br \/>\n(3) Aleyhine tan\u0131kl\u0131k yap\u0131lan ki\u015fi hakk\u0131nda verilen mahk\u00fbmiyet karar\u0131 kesinle\u015fmeden \u00f6nce ger\u00e7e\u011fin s\u00f6ylenmesi halinde, verilecek cezan\u0131n yar\u0131s\u0131ndan \u00fc\u00e7te birine kadar\u0131 indirilebilir\u201d \u015feklinde d\u00fczenlenmi\u015ftir.<\/div>\n<div dir=\"auto\"><\/div>\n<div dir=\"auto\" style=\"text-align: justify;\">Kanun koyucu TCK&#8221;nun 274. maddesinde etkin pi\u015fmanl\u0131k olarak; yalan tan\u0131kl\u0131k su\u00e7unun tamamlanmas\u0131ndan sonra \u201cger\u00e7e\u011fin s\u00f6ylenmesini\u201d aram\u0131\u015ft\u0131r. Doktrin ve uygulamada bu t\u00fcr etkin pi\u015fmanl\u0131\u011fa \u201cger\u00e7e\u011fe d\u00f6nme\u201d de denilmekte olup yalan tan\u0131kl\u0131k su\u00e7u failinin, yalan tan\u0131kl\u0131\u011fa konu beyan\u0131n do\u011fru olmad\u0131\u011f\u0131n\u0131 kabul ederek ger\u00e7e\u011fi a\u00e7\u0131klamas\u0131 aranmaktad\u0131r. Failin, hangi a\u015famalardaki a\u00e7\u0131klamalar\u0131n\u0131n yalan tan\u0131kl\u0131k eylemini olu\u015fturdu\u011fu ve hangi a\u00e7\u0131klamalar\u0131n\u0131n ise ger\u00e7e\u011fe d\u00f6nme say\u0131ld\u0131\u011f\u0131n\u0131n kararda g\u00f6sterilmesi gerekmektedir. Nitekim an\u0131lan maddede yalan tan\u0131kl\u0131\u011f\u0131n, aleyhine tan\u0131kl\u0131k yap\u0131lan ki\u015fi hakk\u0131nda hak yoksunlu\u011funa veya k\u0131s\u0131tl\u0131l\u0131\u011f\u0131na sebebiyet verip vermedi\u011fi kriterleri g\u00f6zetilerek etkin pi\u015fmanl\u0131\u011f\u0131n g\u00f6sterildi\u011fi zamana g\u00f6re, bir ba\u015fka deyi\u015fle yalan tan\u0131kl\u0131\u011f\u0131n icra edildi\u011fi uyu\u015fmazl\u0131kla ilgili yarg\u0131sal s\u00fcre\u00e7 esas al\u0131narak farkl\u0131 d\u00fczenlemeler \u00f6ng\u00f6r\u00fclm\u00fc\u015ft\u00fcr <em>(Osman Ya\u015far Osman, Hasan Tahsin G\u00f6kcan, Mustafa Artu\u00e7, Uygulamal\u0131 T\u00fcrk Ceza Kanunu, Cilt VI, Adalet Yay\u0131nevi, Ankara, 2010, s. 7959-7960). <\/em>TCK&#8221;nun 274. maddesinin birinci f\u0131kras\u0131ndaki d\u00fczenlemeye g\u00f6re, yalan tan\u0131kl\u0131k yapan fail, aleyhine tan\u0131kl\u0131kta bulunulan ki\u015fi hakk\u0131nda bir hak k\u0131s\u0131tlamas\u0131n\u0131 veya yoksunlu\u011funu sonu\u00e7layacak nitelikte karar verilmeden (g\u00f6z alt\u0131, tutuklama gibi) veya h\u00fck\u00fcmden \u00f6nce ger\u00e7e\u011fi s\u00f6yledi\u011finde cezadan muaf tutulacakt\u0131r. Ayn\u0131 maddenin ikinci f\u0131kras\u0131na g\u00f6re, yalan tan\u0131kl\u0131k yapan ki\u015fi, aleyhine tan\u0131kl\u0131k yap\u0131lan ki\u015fi hakk\u0131nda bir hak k\u0131s\u0131tlamas\u0131n\u0131 veya yoksunlu\u011funu sonu\u00e7layacak nitelikte karar verildikten sonra ve fakat h\u00fck\u00fcmden \u00f6nce ger\u00e7e\u011fi s\u00f6yledi\u011finde, verilecek cezan\u0131n \u00fc\u00e7te ikisinden yar\u0131s\u0131na kadar\u0131 indirilebilir. S\u00f6z konusu d\u00fczenlemeyle, failin, aleyhine tan\u0131kl\u0131k yapt\u0131\u011f\u0131 ki\u015fi hakk\u0131nda bir hak k\u0131s\u0131tlamas\u0131 veya yoksunlu\u011funa ili\u015fkin karar verildikten sonra ve fakat h\u00fck\u00fcmden \u00f6nce ger\u00e7e\u011fi s\u00f6ylemesi, mutlak bir indirim sebebi olarak \u00f6ng\u00f6r\u00fclmeyerek, bu konuda h\u00e2kime takdir yetkisi tan\u0131nm\u0131\u015ft\u0131r. An\u0131lan maddenin \u00fc\u00e7\u00fcnc\u00fc f\u0131kras\u0131na g\u00f6re ise, yalan tan\u0131kl\u0131k yapan ki\u015finin ceza indiriminden yararlanabilmesi i\u00e7in, aleyhine tan\u0131kl\u0131k yapt\u0131\u011f\u0131 ki\u015fi hakk\u0131nda mahk\u00fbmiyet karar\u0131n\u0131n verilmi\u015f olmas\u0131 ve bu mahk\u00fbmiyet karar\u0131n\u0131n kesinle\u015fmesinden \u00f6nce yalan tan\u0131kl\u0131k yapan ki\u015finin ger\u00e7e\u011fi s\u00f6ylemesi gerekmektedir. Bu f\u0131kran\u0131n uygulanmas\u0131nda da, ikinci f\u0131krada oldu\u011fu gibi verilecek cezada indirim yap\u0131lmas\u0131 hususunda h\u00e2kime takdir hakk\u0131 tan\u0131nm\u0131\u015ft\u0131r. Bu nedenle, aleyhine tan\u0131kl\u0131k yap\u0131lan ki\u015fi hakk\u0131nda verilen mahk\u00fbmiyet karar\u0131n\u0131n kesinle\u015fmesinden \u00f6nce, ger\u00e7e\u011fin s\u00f6ylenmesi mutlak bir cezada indirim nedeni de\u011fildir (M. Emin Artuk-A. G\u00f6kcen-A. Caner Yenid\u00fcnya, Ceza Hukuku \u00d6zel H\u00fck\u00fcmler, Turhan Kitabevi, Ankara, 2013, s.1185-1186). Bu a\u015famada, yalan tan\u0131kl\u0131\u011f\u0131n, hakk\u0131nda tan\u0131kl\u0131kta bulunulan ki\u015finin lehine olmas\u0131 ve sonradan aleyhine olacak \u015fekilde ger\u00e7e\u011fin s\u00f6ylenmesi h\u00e2linde, TCK&#8221;nun 274. maddesinde \u00f6ng\u00f6r\u00fclen etkin pi\u015fmanl\u0131k h\u00fck\u00fcmlerinin uygulanmas\u0131n\u0131n m\u00fcmk\u00fcn olup olmad\u0131\u011f\u0131n\u0131n irdelenmesi gerekmektedir. Doktrinde yer alan bask\u0131n g\u00f6r\u00fc\u015flerde madde metninin lafz\u0131na ba\u011fl\u0131 kal\u0131nm\u0131\u015f ve yaln\u0131zca aleyhine yalan tan\u0131kl\u0131k yap\u0131lan ki\u015fi hakk\u0131nda, yarg\u0131laman\u0131n belli evrelerinde ger\u00e7e\u011fin s\u00f6ylenmesi durumunda, maddede \u00f6ng\u00f6r\u00fclen etkin pi\u015fmanl\u0131k h\u00fck\u00fcmlerinin uygulanabilece\u011fi belirtilmi\u015ftir <em>(Do\u011fan Soyaslan, Ceza Hukuku \u00d6zel H\u00fck\u00fcmler, Yetkin Yay\u0131nlar\u0131, Ankara, 2014, s. 7830; Veli \u00d6zer \u00d6zbek-Mehmet Nihat Kanbur-Koray Do\u011fan-P\u0131nar Bacaks\u0131z-\u0130lker Tepe, T\u00fcrk Ceza Hukuku \u00d6zel H\u00fck\u00fcmler, 5. Bask\u0131, Se\u00e7kin Hukuk, s. 1057-1058; M. Emin Artuk-A. G\u00f6kcen-A. Caner Yenid\u00fcnya, Ceza Hukuku \u00d6zel H\u00fck\u00fcmler, Turhan Kitabevi, Ankara, 2013, s. 1185-1186; Zeki Haf\u0131zo\u011fullar\u0131, Muharrem \u00d6zen, T\u00fcrk Ceza Hukuku \u00d6zel H\u00fck\u00fcmler Millete ve Devlete Kar\u015f\u0131 Su\u00e7lar, 1. Bask\u0131, US-A Yay\u0131nc\u0131l\u0131k, Ankara, 2016, s. 166-167; Osman Ya\u015far-Hasan Tahsin G\u00f6kcan-Mustafa Artu\u00e7, Yorumlu-Uygulamal\u0131 T\u00fcrk Ceza Kanunu, 5. Cilt, Adalet Yay\u0131nevi, Ankara, 2009, s. 7959-7963; Yener \u00dcnver, TCK&#8221;da D\u00fczenlenen Adliyeye Kar\u015f\u0131 Su\u00e7lar, 4. Bask\u0131, Se\u00e7kin Hukuk, Ankara, 2016, s. 221-224). <\/em>Nitekim Anayasa Mahkemesi de 28.12.2017 tarihli ve 176-173 say\u0131l\u0131 karar\u0131nda; TCK\u2019nun 274. maddesinin ilk \u00fc\u00e7 f\u0131kras\u0131n\u0131n da lehe tan\u0131kl\u0131k yap\u0131lmas\u0131 h\u00e2linde uygulanacak kurallar olmad\u0131\u011f\u0131n\u0131, dolay\u0131s\u0131yla her \u00fc\u00e7 f\u0131krada yer alan &#8220;Aleyhine tan\u0131kl\u0131k yap\u0131lan&#8221; ibarelerinin itiraz ba\u015fvurusunda bulunan mahkemenin bakmakta oldu\u011fu davada uygulanma olana\u011f\u0131 bulunmad\u0131\u011f\u0131ndan, mahkemenin yetkisizli\u011fi nedeniyle ba\u015fvurunun reddine h\u00fckmetmi\u015ftir. Bu a\u00e7\u0131klamalar\u0131n sonucu olarak; maddede yer alan her \u00fc\u00e7 f\u0131kran\u0131n da aleyhe tan\u0131kl\u0131k yap\u0131lmas\u0131 nedeniyle ortaya \u00e7\u0131kan hak k\u0131s\u0131tlamas\u0131, hak yoksunlu\u011fu, h\u00fck\u00fcm veya mahk\u00fbmiyet karar\u0131 nedeniyle hakk\u0131nda aleyhe yalan tan\u0131kl\u0131k yap\u0131lan ki\u015finin zarar g\u00f6rmesi h\u00e2llerine ili\u015fkin olmas\u0131, bu ba\u011flamda kanun koyucunun, aleyhe yalan tan\u0131kl\u0131k yap\u0131lmas\u0131 nedeniyle do\u011fabilecek zararlar\u0131n \u00f6nlenmesine veya do\u011fan zararlar\u0131n azalt\u0131lmas\u0131na y\u00f6nelik pi\u015fmanl\u0131k sergilenerek maddi ger\u00e7e\u011fe ula\u015f\u0131lmas\u0131n\u0131 ama\u00e7lamas\u0131 ve maddenin yoruma olanak tan\u0131mayacak a\u00e7\u0131kl\u0131ktaki lafz\u0131na g\u00f6re etkin pi\u015fmanl\u0131k h\u00fck\u00fcmlerinin sadece aleyhe tan\u0131kl\u0131k yapan ki\u015fi hakk\u0131nda \u00f6ng\u00f6r\u00fclmesi birlikte de\u011ferlendirildi\u011finde; sadece aleyhe tan\u0131kl\u0131k yap\u0131lmas\u0131 durumu i\u00e7in \u00f6ng\u00f6r\u00fclen TCK&#8221;nun 274. maddesinin, lehe tan\u0131kl\u0131k yap\u0131lmas\u0131 h\u00e2linde uygulanmas\u0131n\u0131n m\u00fcmk\u00fcn olmad\u0131\u011f\u0131n\u0131n kabul\u00fc gerekmektedir.<\/div>\n<\/div>\n<\/div>\n<\/div>\n<div dir=\"auto\">\n<p style=\"text-align: center;\"><span style=\"color: #993300;\"><strong>T.C.<\/strong><\/span><br \/>\n<span style=\"color: #993300;\"><strong>YARGITAY<\/strong><\/span><br \/>\n<span style=\"color: #993300;\"><strong>CEZA GENEL KURULU<\/strong><\/span><\/p>\n<p><span style=\"color: #993300;\"><strong>Esas : 2016\/698<\/strong><\/span><br \/>\n<span style=\"color: #993300;\"><strong>Karar : 2020\/86<\/strong><\/span><br \/>\n<span style=\"color: #993300;\"><strong>Tarih : 11.02.2020<\/strong><\/span><\/p>\n<p><strong>TANIK D\u0130NLEN\u0130R \u0130KEN SANIK VEYA M\u00dcDAF\u0130N\u0130N BULUNDURULMAMASI BOZMA NEDEN\u0130D\u0130R<\/strong><br \/>\n\u25a0 SAVUNMA VE AD\u0130L YARGILANMA HAKLARININ \u0130HL\u00c2L\u0130<\/p>\n<p style=\"text-align: justify;\"><span style=\"color: #993300;\"><strong>\u00d6ZET: <\/strong><\/span>Tan\u0131\u011f\u0131n gizlice dinlenmesi s\u0131ras\u0131nda mahkeme heyeti taraf\u0131ndan reaksiyonlar\u0131n\u0131n do\u011frudan g\u00f6zlemlenmesine kar\u015f\u0131n san\u0131k ve m\u00fcdafisine ses yoluyla dahi bu imk\u00e2n\u0131n sa\u011flanmamas\u0131, <strong>savunma taraf\u0131n\u0131n, tan\u0131\u011f\u0131n sorulan sorulara verdi\u011fi cevaplar s\u0131ras\u0131nda ki\u015fisel izlenim elde edememesi ve soru sormak suretiyle beyanlar\u0131n\u0131n g\u00fcvenilirli\u011fini denetleme imk\u00e2nlar\u0131n\u0131n ellerinden al\u0131nmas\u0131,<\/strong> gizli tan\u0131\u011f\u0131n ifadesinin al\u0131nm\u0131\u015f oldu\u011fu belirtilmi\u015f olup ayr\u0131ca ifadesinin duru\u015fmada okunmamas\u0131, <strong>bu ifadeye kar\u015f\u0131 san\u0131k ve m\u00fcdafisine diyeceklerinin sorulmamas\u0131,<\/strong> savunma taraf\u0131na tan\u0131\u011f\u0131 sorgulama imkan\u0131 tan\u0131nmad\u0131\u011f\u0131 gibi, varsa sorular\u0131n\u0131n tan\u0131\u011fa y\u00f6neltilip tan\u0131k beyan\u0131n\u0131n al\u0131nmamas\u0131, san\u0131\u011f\u0131n mahk\u00fbmiyetine karar verilirken ileti\u015fimin tespiti, dinlenmesi ve kayda al\u0131nmas\u0131 tutanaklar\u0131yla birlikte belirleyici \u00f6l\u00e7\u00fcde gizli tan\u0131\u011f\u0131n ifadesine dayan\u0131lmas\u0131 sebebiyle, tan\u0131\u011f\u0131n menfaatleriyle san\u0131\u011f\u0131n haklar\u0131 aras\u0131nda silahlar\u0131n e\u015fitli\u011fine y\u00f6nelik denge unsurlar\u0131n\u0131n g\u00f6zetilmemesi nedenleriyle san\u0131\u011f\u0131n savunma ve adil yarg\u0131lanma haklar\u0131n\u0131n ihl\u00e2l edildi\u011fi kabul edilmelidir.<\/p>\n<p style=\"text-align: center;\"><strong><span style=\"color: #993300;\">T.C.<\/span><\/strong><br \/>\n<strong><span style=\"color: #993300;\">YARGITAY<\/span><\/strong><br \/>\n<strong><span style=\"color: #993300;\">CEZA GENEL KURULU<\/span><\/strong><\/p>\n<p><strong><span style=\"color: #993300;\">Esas : 2022\/51<\/span><\/strong><br \/>\n<strong><span style=\"color: #993300;\">Karar : 2022\/141<\/span><\/strong><br \/>\n<strong><span style=\"color: #993300;\">Tarih : 03.03.2022<\/span><\/strong><\/p>\n<p style=\"text-align: justify;\"><strong>TANIKLIK:<\/strong><\/p>\n<p style=\"text-align: justify;\"><strong>a) Genel Olarak:<\/strong><\/p>\n<p style=\"text-align: justify;\">Ceza Muhakemesinde \u00f6nemli yer tutan tan\u0131kl\u0131k, yarg\u0131lamaya konu fiilin fail taraf\u0131ndan i\u015flenip i\u015flenmedi\u011fi ya da nas\u0131l i\u015flendi\u011fi konusunda yarg\u0131lama makam\u0131n\u0131n kanaate ula\u015fmas\u0131n\u0131 sa\u011flayan kan\u0131tlardan birisidir. Yarg\u0131tay Ceza Genel Kurulunun 12.11.2013 tarihli ve 2013\/1-251 Esas 2013\/454 Karar say\u0131l\u0131 karar\u0131nda da belirtildi\u011fi \u00fczere tan\u0131k, kendisine kar\u015f\u0131 y\u00fcr\u00fct\u00fclmeyen bir ceza soru\u015fturmas\u0131nda, olay hakk\u0131nda be\u015f duyu ile edindi\u011fi alg\u0131lamalar\u0131 ifadesiyle a\u00e7\u0131\u011fa vuran ki\u015fidir. Kural olarak ceza muhakemesinde taraf s\u0131fat\u0131 bulunanlar\u0131n tan\u0131k olarak dinlenmemesi gerekir. Bu nedenle davan\u0131n taraf\u0131 olan san\u0131k ve \u015f\u00fcphelinin tan\u0131k olarak dinlenmesini Ceza Muhakemesi Kanunu d\u00fczenlememi\u015f ancak \u015feriklerin tan\u0131kl\u0131\u011f\u0131na imk\u00e2n sa\u011flam\u0131\u015ft\u0131r. <strong>Ceza Muhakemesi Kanunu&#8217;na g\u00f6re, g\u00f6r\u00fclmekte olan davada yarg\u0131lanan san\u0131\u011f\u0131n, su\u00e7 orta\u011f\u0131 hakk\u0131nda tan\u0131k olarak dinlenilmesi m\u00fcmk\u00fcnd\u00fcr.<\/strong> CMK&#8217;n\u0131n 50. maddesinde soru\u015fturma veya kovu\u015fturma konusu su\u00e7lara i\u015ftirakten veya bu su\u00e7lar nedeniyle su\u00e7luyu kay\u0131rmaktan ya da su\u00e7 delillerini yok etme, gizleme veya de\u011fi\u015ftirmekten \u015f\u00fcpheli, san\u0131k veya h\u00fck\u00fcml\u00fc olanlar tan\u0131k olarak dinlenebilirler, ancak bu tan\u0131klar\u0131n yeminsiz olarak dinlenmeleri gerekmektedir. Su\u00e7 orta\u011f\u0131n\u0131n verece\u011fi ifade, kendisinin de su\u00e7lanmas\u0131 sonucunu do\u011furacaksa tan\u0131kl\u0131ktan \u00e7ekinme olana\u011f\u0131na sahiptir. CMK&#8217;n\u0131n 48. maddesinde temelini Anayasa&#8217;n\u0131n 38\/5. maddesinden alan ve adil yarg\u0131lanma hakk\u0131n\u0131 g\u00fcvenceye ba\u011flayan bir d\u00fczenlemeye yer verilmi\u015ftir. \u00c7ekinme hakk\u0131 hat\u0131rlat\u0131lmadan tan\u0131\u011fa bu t\u00fcr sorular\u0131n y\u00f6neltilmesi sonucu al\u0131nan cevaplar hukuka ayk\u0131r\u0131 bi\u00e7imde elde edilen kan\u0131t niteli\u011findedir, (CMK&#8217;n\u0131n 206\/a ve 217\/2. maddeleri) hukuka ayk\u0131r\u0131 delil de h\u00fckme esas al\u0131namaz. (Yarg\u0131tay CGK&#8217;n\u0131n 12.11.2013 tarihli ve 2013\/1-251, 2013\/454 say\u0131l\u0131 karar\u0131) <strong>San\u0131\u011f\u0131n kendisinin de kat\u0131ld\u0131\u011f\u0131 su\u00e7larla ilgili tan\u0131k s\u0131fat\u0131yla dinlenmemesi, san\u0131\u011f\u0131n a\u00e7\u0131klamalar\u0131n\u0131n delil niteli\u011fi ta\u015f\u0131mayaca\u011f\u0131 anlam\u0131na gelmemektedir.<\/strong> \u00d6rne\u011fin, di\u011fer \u00f6rg\u00fct \u00fcyeleri kabul etmedi\u011fi h\u00e2lde \u00f6rg\u00fct \u00fcyelerinden birisinin su\u00e7u birlikte nas\u0131l i\u015flediklerini samimi olarak anlatmas\u0131 ve destekleyici kan\u0131tlar\u0131n da bulunmas\u0131 h\u00e2linde elbetteki bu beyan delil olarak de\u011ferlendirilecektir. Bu bak\u0131mdan bir anlat\u0131m\u0131n &#8220;tan\u0131k beyan\u0131&#8221; veya &#8220;san\u0131k beyan\u0131&#8221; olarak adland\u0131r\u0131lmas\u0131n\u0131n \u00e7ok \u00f6nemi de bulunmamaktad\u0131r.<\/p>\n<p style=\"text-align: justify;\"><strong>b) \u00c7a\u011fr\u0131 ve dinleme:<\/strong><\/p>\n<p style=\"text-align: justify;\">San\u0131k duru\u015fmaya tan\u0131k getirebilece\u011fi gibi mahkemeye davet de ettirebilir. (CMK&#8217;n\u0131n 179. maddesi) Mahkeme tan\u0131\u011f\u0131n dinlenmesi i\u00e7in belirlenen g\u00fcn ve saati san\u0131\u011fa ve m\u00fcdafisine bildirmelidir. (CMK&#8217;n\u0131n 181\/1. maddesi) Olay\u0131n delili, bir tan\u0131\u011f\u0131n a\u00e7\u0131klamalar\u0131ndan ibaret ise bu tan\u0131k duru\u015fmada mutlaka dinlenir. Daha \u00f6nce yap\u0131lan dinlenme s\u0131ras\u0131nda d\u00fczenlenmi\u015f tutana\u011f\u0131n veya yaz\u0131l\u0131 bir a\u00e7\u0131klaman\u0131n okunmas\u0131 dinleme yerine ge\u00e7mez. (CMK&#8217;n\u0131n 210\/1. maddesi) San\u0131k ancak su\u00e7 ortaklar\u0131n\u0131n veya tan\u0131\u011f\u0131n ger\u00e7e\u011fi s\u00f6ylemeyece\u011finden endi\u015fe edilmesi h\u00e2linde, dinleme s\u0131ras\u0131nda mahkeme salonundan \u00e7\u0131kar\u0131labilir, ancak tekrar getirildi\u011finde tutanaklar okunup ve gerekti\u011finde i\u00e7eri\u011fi anlat\u0131l\u0131r. (CMK&#8217;n\u0131n 200. maddesi) Tan\u0131ktan, tan\u0131kl\u0131k edece\u011fi konulara ili\u015fkin bildiklerini s\u00f6ylemesi istenir ve tan\u0131kl\u0131k ederken s\u00f6z\u00fc kesilmez. Tan\u0131kl\u0131k edilen konular\u0131 ayd\u0131nlatmak, tamamlamak ve bilgilerinin dayand\u0131\u011f\u0131 durumlar\u0131 gere\u011fince de\u011ferlendirebilmek i\u00e7in tan\u0131\u011fa ayr\u0131ca soru y\u00f6neltilebilir. (CMK&#8217;n\u0131n 59. maddesi) Tan\u0131k, bir hususu hat\u0131rlayamad\u0131\u011f\u0131n\u0131 s\u00f6ylerse \u00f6nceki ifadesini i\u00e7eren tutana\u011f\u0131n ilgili k\u0131sm\u0131 okunarak hat\u0131rlamas\u0131na yard\u0131m edilir. Tan\u0131\u011f\u0131n duru\u015fmadaki ifadesiyle \u00f6nceki ifadesi aras\u0131nda \u00e7eli\u015fki bulundu\u011funda, evvelce al\u0131nm\u0131\u015f ifadesi okunarak \u00e7eli\u015fkinin giderilmesine \u00e7al\u0131\u015f\u0131r. CMK&#8217;n\u0131n 201. maddesine g\u00f6re, Cumhuriyet savc\u0131s\u0131, m\u00fcdafi veya vekil s\u0131fat\u0131yla duru\u015fmaya kat\u0131lan avukat; san\u0131\u011fa, kat\u0131lana, tan\u0131klara, bilirki\u015filere ve duru\u015fmaya \u00e7a\u011fr\u0131lm\u0131\u015f di\u011fer ki\u015filere duru\u015fma disiplinine uygun olarak do\u011frudan soru y\u00f6neltebilir. San\u0131k ve kat\u0131lan da mahkeme ba\u015fkan\u0131 veya h\u00e2kim arac\u0131l\u0131\u011f\u0131 ile soru y\u00f6neltebilir. Y\u00f6neltilen soruya itiraz edildi\u011finde sorunun y\u00f6neltilmesinin gerekip gerekmedi\u011fine mahkeme ba\u015fkan\u0131 karar verir. Gerekti\u011finde ilgililer soru sorabilir. Heyet h\u00e2linde g\u00f6rev yapan mahkemelerde, heyeti olu\u015fturan h\u00e2kimler birinci f\u0131krada belirtilen ki\u015filere soru sorabilir.<\/p>\n<p style=\"text-align: justify;\"><strong>c) Gizli tan\u0131kl\u0131k:,<\/strong><\/p>\n<p style=\"text-align: justify;\">Kovu\u015fturman\u0131n alenili\u011fi, yarg\u0131laman\u0131n do\u011frudan do\u011fruyal\u0131\u011f\u0131 ve kovu\u015fturma a\u015famas\u0131nda t\u00fcm yarg\u0131lama s\u00fcjeleri huzurunda delillerin tart\u0131\u015f\u0131l\u0131p maddi hakikate ula\u015f\u0131lmas\u0131 ilkelerine ayk\u0131r\u0131 olmakla beraber kanun koyucu, su\u00e7 \u00f6rg\u00fctlerinin faaliyeti \u00e7er\u00e7evesinde i\u015flenen su\u00e7larla ilgili yap\u0131lacak soru\u015fturma ve kovu\u015fturmalarda maddi ger\u00e7e\u011fe ula\u015fmak ad\u0131na bu prensiplerden vazge\u00e7meyi g\u00f6ze alm\u0131\u015ft\u0131r. \u00d6rg\u00fct faaliyeti \u00e7er\u00e7evesinde i\u015flenen su\u00e7lar\u0131n ortaya \u00e7\u0131kar\u0131lmas\u0131 i\u00e7in ba\u015fvurulabilecek tan\u0131klar\u0131n, muhatap olduklar\u0131 tehlike nedeniyle temininde zorluk ya\u015fanmaktad\u0131r. Bu nedenledir ki 5726 say\u0131l\u0131 Tan\u0131k Koruma Kanunu&#8217;nda ve CMK&#8217;n\u0131n 58\/2-5. f\u0131kralar\u0131nda tan\u0131klar\u0131n korunmas\u0131na ili\u015fkin h\u00fck\u00fcmlere yer verilmi\u015f ve gizli tan\u0131kl\u0131\u011f\u0131n esaslar\u0131 d\u00fczenlenmi\u015ftir. Gizli tan\u0131kl\u0131\u011fa ba\u015fvurabilmek i\u00e7in CMK&#8217;n\u0131n 58\/5. maddesinde tan\u0131kl\u0131\u011fa konu eylemin bir su\u00e7 \u00f6rg\u00fct\u00fcn\u00fcn faaliyeti \u00e7er\u00e7evesinde i\u015flenmi\u015f bir eylem olmas\u0131 aran\u0131rken \u00f6rg\u00fct\u00fcn faaliyeti d\u0131\u015f\u0131nda i\u015flenen t\u00fcm su\u00e7lar kapsam d\u0131\u015f\u0131 b\u0131rak\u0131lm\u0131\u015ft\u0131r. Tan\u0131k Koruma Kanunu&#8217;nda \u00f6rg\u00fctl\u00fc su\u00e7lar i\u00e7in cezan\u0131n alt s\u0131n\u0131r\u0131n\u0131n iki y\u0131l ve daha fazla olmas\u0131 \u015fart\u0131 getirilmi\u015ftir. Sadece ter\u00f6r \u00f6rg\u00fct\u00fcn\u00fcn faaliyetleri kapsam\u0131nda de\u011ferlendirilen su\u00e7lar i\u00e7in alt s\u0131n\u0131r konulmam\u0131\u015ft\u0131r. (TKK&#8217;n\u0131n 3\/1-b maddesi) Bunun yan\u0131nda \u00f6rg\u00fct kapsam\u0131nda i\u015flenmese bile a\u011f\u0131rla\u015ft\u0131r\u0131lm\u0131\u015f m\u00fcebbet hapis, m\u00fcebbet hapis ve alt s\u0131n\u0131r\u0131 on y\u0131l veya daha fazla hapis cezas\u0131n\u0131 gerektiren t\u00fcm su\u00e7lar Tan\u0131k Koruma Kanunu kapsam\u0131nda de\u011ferlendirilmi\u015ftir. Tan\u0131\u011f\u0131n taraflar huzurunda dinlenilmesi, tan\u0131k ya da yak\u0131nlar\u0131 ad\u0131na a\u011f\u0131r tehlike olu\u015fturmal\u0131 ve bu tehlike ba\u015fka t\u00fcrl\u00fc \u00f6nlenemiyor olmal\u0131d\u0131r. Tan\u0131k Koruma Kanunu&#8217;nun 1. maddesi uyar\u0131nca tehlikenin a\u011f\u0131r ve ciddi olmas\u0131 gerekmektedir. Tehlikenin niteli\u011fi, tan\u0131\u011f\u0131n subjektif alg\u0131lamas\u0131 ile de\u011fil yetkili makamlarca her somut olay\u0131n \u00f6zelli\u011fine g\u00f6re yap\u0131lacak de\u011ferlendirmeyle saptanmal\u0131d\u0131r. CMK&#8217;n\u0131n 58\/2. maddesine g\u00f6re gizli tan\u0131\u011f\u0131n kimli\u011finin ortaya \u00e7\u0131kmamas\u0131 i\u00e7in mahkeme 5726 say\u0131l\u0131 Tan\u0131k Koruma Kanunu&#8217;nun 9. maddesinde belirtilen tedbirlere ba\u015fvurabilir. Gizli tan\u0131k kovu\u015fturma a\u015famas\u0131nda, haz\u0131r bulunma hakk\u0131na sahip bulunanlar olmadan dinlenilebilece\u011fi gibi taraflar\u0131n huzurunda ancak, duru\u015fma salonunun d\u0131\u015f\u0131nda ba\u015fka bir odada g\u00f6r\u00fcnt\u00fc ve sesi salona aktar\u0131larak gerekti\u011finde ses ve g\u00f6r\u00fcnt\u00fcs\u00fc de\u011fi\u015ftirilerek ya da duru\u015fma salonunda bulunmakla birlikte kabin, perde gibi tan\u0131nmas\u0131n\u0131 engelleyecek \u015fekilde tedbirler al\u0131narak dinlenebilir. Gizli tan\u0131k, tan\u0131kl\u0131k etti\u011fi olaylar\u0131 hangi nedenle \u00f6\u011frenmi\u015f oldu\u011funu a\u00e7\u0131klamakla y\u00fck\u00fcml\u00fc oldu\u011fu gibi bu bilgiyle de beyan\u0131n\u0131n ger\u00e7e\u011fe uygunlu\u011fu denetlenmeli, bunun yan\u0131nda san\u0131k ve taraflar\u0131n tan\u0131\u011f\u0131n kimli\u011fini ortaya \u00e7\u0131karacak soru sormas\u0131 engellenmelidir. <strong>Tan\u0131k Koruma Kanunu&#8217;nun 9\/8. maddesine g\u00f6re gizli tan\u0131k beyan\u0131 tek ba\u015f\u0131na h\u00fckme esas al\u0131namaz. \u00d6zellikle mahkumiyet karar\u0131, ek ba\u015fka delil olmad\u0131k\u00e7a, yaln\u0131zca gizli tan\u0131k beyan\u0131 esas al\u0131narak verilemez.<\/strong> Dinlenen gizli tan\u0131\u011f\u0131n birden fazla olmas\u0131n\u0131n da \u00f6nemi yoktur. Delil t\u00fcr\u00fc olarak yaln\u0131zca gizli tan\u0131k beyan\u0131na dayan\u0131larak mahkumiyet karar\u0131 kurulamaz. Kovu\u015fturma a\u015famas\u0131nda b\u00fct\u00fcn kan\u0131tlar\u0131n tart\u0131\u015f\u0131labilmesi i\u00e7in, kural olarak bu kan\u0131tlar\u0131n aleni bir duru\u015fmada ve san\u0131\u011f\u0131n huzurunda ortaya konulmas\u0131 gerekir. Bu kural istisnas\u0131z olmamakla beraber e\u011fer bir mahkumiyet sadece veya belirleyici \u00f6l\u00e7\u00fcde, san\u0131\u011f\u0131n soru\u015fturma veya kovu\u015fturma a\u015famas\u0131nda sorgulama ve sorgulatma olana\u011f\u0131 bulamad\u0131\u011f\u0131 bir kimse taraf\u0131ndan verilen ifadelere dayand\u0131r\u0131lm\u0131\u015f ise san\u0131\u011f\u0131n haklar\u0131 A\u0130HS&#8217;nin 6. maddesindeki g\u00fcvencelerle ba\u011fda\u015fmayacak \u00f6l\u00e7\u00fcde k\u0131s\u0131tlanm\u0131\u015f olabilir. Olay\u0131n tek tan\u0131\u011f\u0131 varsa ve sadece bir tan\u0131\u011f\u0131n ifadesine dayan\u0131larak h\u00fck\u00fcm kurulacak ise bu tan\u0131k mutlaka duru\u015fmada dinlenmeli ve taraflara soru sorma imk\u00e2n\u0131 sa\u011flanmal\u0131d\u0131r. A\u0130HS&#8217;nin 6. maddesinin (1) numaral\u0131 f\u0131kras\u0131n\u0131n ve ayn\u0131 maddenin (3) numaral\u0131 f\u0131kras\u0131n\u0131n (d) bendi san\u0131\u011fa, aleyhte ifade veren tan\u0131\u011f\u0131n beyanlar\u0131na, tan\u0131k ifadesinin al\u0131nd\u0131\u011f\u0131 s\u0131rada ya da yarg\u0131laman\u0131n daha sonraki bir a\u015famas\u0131nda itiraz imk\u00e2n\u0131 tan\u0131nmas\u0131 gerekti\u011fine i\u015faret etmektedir. (Sadak ve di\u011ferleri\/T\u00fcrkiye; B.no;29900\/96, 29901\/96, 29902\/96, 29903\/96, s.67) Yarg\u0131lama makamlar\u0131, yarg\u0131laman\u0131n taraflar\u0131nca ileri s\u00fcr\u00fclen iddialar\u0131 ve g\u00f6sterdikleri delilleri gere\u011fi gibi incelemek zorundad\u0131r. Genel anlamda hakkaniyete uygun bir yarg\u0131laman\u0131n y\u00fcr\u00fct\u00fclebilmesi i\u00e7in silahlar\u0131n e\u015fitli\u011fi ve \u00e7eli\u015fmeli yarg\u0131lama ilkeleri \u0131\u015f\u0131\u011f\u0131nda, taraflara iddialar\u0131n\u0131 sunmak hususunda uygun olanaklar\u0131n sa\u011flanmas\u0131 \u015fartt\u0131r. Taraflara tan\u0131k delili de dahil olmak \u00fczere delillerini sunma ve inceletme noktas\u0131nda da uygun imk\u00e2nlar\u0131n tan\u0131nmas\u0131 gerekir. Bu anlamda, delillere ili\u015fkin dengesizlik veya hakkaniyetsizlik iddialar\u0131n\u0131n da yarg\u0131laman\u0131n b\u00fct\u00fcn\u00fc \u0131\u015f\u0131\u011f\u0131nda de\u011ferlendirilmesi zorunludur. Ancak bu noktada dikkat edilmesi gereken \u00f6nemli husus, taraflar\u0131n tan\u0131k ve bilirki\u015fi incelemesi de dahil dermeyan ettikleri delillerin de\u011ferlendirilmesi ve \u00f6zellikle bu taleplerin reddi h\u00e2linde yarg\u0131lama makam\u0131nca bu karara ili\u015fkin tutarl\u0131 \u015fekilde gerek\u00e7e g\u00f6sterilmesi gere\u011fidir. (A\u0130HM Vidal\/Belgium, B.No. 12351\/86, 22\/04\/1992)<\/p>\n<p style=\"text-align: justify;\"><strong>d) Etkin Pi\u015fmanl\u0131k Hakk\u0131ndan Yararlanan San\u0131klar\u0131n Tan\u0131kl\u0131\u011f\u0131:<\/strong><\/p>\n<p style=\"text-align: justify;\">\u00d6rg\u00fctsel faaliyetlerin b\u00fcy\u00fck bir gizlilik i\u00e7inde y\u00fcr\u00fct\u00fclmesi nedeniyle \u00f6rg\u00fct mensuplar\u0131n\u0131n ve eylemlerinin tespitinde \u00f6nemli zorluklar ya\u015fanmaktad\u0131r. Bu su\u00e7lar\u0131n ispat ara\u00e7lar\u0131ndan birisi de bizzat \u00f6rg\u00fct mensuplar\u0131n\u0131n beyanlar\u0131d\u0131r. Uygulamada itiraf\u00e7\u0131 olarak adland\u0131r\u0131lan bu tan\u0131klar su\u00e7lar\u0131n ayd\u0131nlat\u0131lmas\u0131 a\u00e7\u0131s\u0131ndan \u00f6nemli bir kaynakt\u0131r. Nitekim Yarg\u0131tay Ceza Genel Kurulunun 08.04.2008 tarihli ve 9-18-78 say\u0131l\u0131 karar\u0131nda; etkin pi\u015fmanl\u0131k h\u00fck\u00fcmlerinin amac\u0131, bir yandan ter\u00f6r ve \u00f6rg\u00fctl\u00fc su\u00e7larla m\u00fccadele bak\u0131m\u0131ndan stratejik \u00f6nemi nedeniyle en etkili bilgi edinme ve m\u00fccadele ara\u00e7lar\u0131ndan olan \u00f6rg\u00fct\u00fcn kendi mensuplar\u0131n\u0131 kullanmak, di\u011fer taraftan da su\u00e7 i\u015flemeyi \u00f6nlemek, mensup oldu\u011fu yasa d\u0131\u015f\u0131 \u00f6rg\u00fct\u00fcn ama\u00e7lad\u0131\u011f\u0131 su\u00e7un i\u015flenmesine engel olanlar\u0131 ve i\u015fledi\u011fi su\u00e7tan pi\u015fmanl\u0131k duyanlar\u0131 cezaland\u0131rmayarak ya da cezalar\u0131nda belli oranlarda indirim yaparak yeniden topluma kazand\u0131rmakt\u0131r \u015feklinde a\u00e7\u0131klanm\u0131\u015ft\u0131r. \u00d6rg\u00fct mensubu olup etkin pi\u015fmanl\u0131k h\u00fck\u00fcmlerinden yararlanmak amac\u0131 ile tan\u0131kl\u0131k yapanlar\u0131n hukuki durumlar\u0131n\u0131n de\u011ferlendirilmesi gerekecektir. CMK&#8217;n\u0131n &#8220;Kendisi veya yak\u0131nlar\u0131 aleyhine tan\u0131kl\u0131ktan \u00e7ekinme&#8221; ba\u015fl\u0131kl\u0131 48. maddesi &#8220;Tan\u0131k, kendisini veya 45 inci maddenin birinci f\u0131kras\u0131nda g\u00f6sterilen ki\u015fileri ceza kovu\u015fturmas\u0131na u\u011fratabilecek nitelikte olan sorulara cevap vermekten \u00e7ekinebilir. Tan\u0131\u011fa cevap vermekten \u00e7ekinebilece\u011fi \u00f6nceden bildirilir&#8221; \u015feklinde h\u00fck\u00fcmler i\u00e7ermektedir. Tan\u0131kl\u0131ktan \u00e7ekinmede, b\u00fct\u00fcn h\u00e2linde tan\u0131\u011f\u0131n \u00e7ekinme hakk\u0131 g\u00fcndeme gelmekte; burada ise tan\u0131k, kendisine sorulan sorulardan kendisi ya da say\u0131lan yak\u0131nlar\u0131n\u0131 ceza kovu\u015fturmas\u0131na u\u011fratabilecek nitelikte olanlar bak\u0131m\u0131ndan cevap vermeme takdirine sahiptir. Bu kapsam d\u0131\u015f\u0131nda kalan hususlarda tan\u0131\u011f\u0131n, salt bu madde uyar\u0131nca \u00e7ekinme hakk\u0131 bulunmamaktad\u0131r. Di\u011fer yandan, CMK&#8217;n\u0131n &#8220;Yemin verilmeyen tan\u0131klar&#8221; ba\u015fl\u0131kl\u0131 50. maddesi;<\/p>\n<p>&#8220;(1) A\u015fa\u011f\u0131daki kimseler yeminsiz dinlenir:<\/p>\n<ul>\n<li>a) Dinlenme s\u0131ras\u0131nda onbe\u015f ya\u015f\u0131n\u0131 doldurmam\u0131\u015f olanlar.<\/li>\n<li>b) Ay\u0131rt etme g\u00fcc\u00fcne sahip olmamalar\u0131 nedeniyle yeminin niteli\u011fi ve \u00f6nemini kavrayamayanlar.<\/li>\n<li>c) Soru\u015fturma veya kovu\u015fturma konusu su\u00e7lara i\u015ftirakten veya bu su\u00e7lar nedeniyle su\u00e7luyu kay\u0131rmaktan ya da su\u00e7 delillerini yok etme, gizleme veya de\u011fi\u015ftirmekten \u015f\u00fcpheli, san\u0131k veya h\u00fck\u00fcml\u00fc olanlar&#8221; \u015feklinde h\u00fck\u00fcm alt\u0131na al\u0131nm\u0131\u015ft\u0131r.<\/li>\n<\/ul>\n<p style=\"text-align: justify;\">Doktrinde genel kabul g\u00f6ren g\u00f6r\u00fc\u015fe g\u00f6re \u00f6rg\u00fctl\u00fc su\u00e7lar, anla\u015fma su\u00e7lar\u0131n\u0131n bir t\u00fcr\u00fc olup \u00e7ok failli su\u00e7lardand\u0131r. Su\u00e7 i\u015flemek amac\u0131yla kurulmu\u015f olan \u00f6rg\u00fcte \u00fcye olmak da genel i\u015ftirak h\u00fck\u00fcmlerinin \u00f6tesinde \u00f6rg\u00fct kurmak ve y\u00f6netmekten ayr\u0131 bir su\u00e7 olarak d\u00fczenlenmi\u015f ve cezai yapt\u0131r\u0131ma ba\u011flanm\u0131\u015ft\u0131r. Dolay\u0131s\u0131yla, bu su\u00e7 tipi a\u00e7\u0131s\u0131ndan m\u00fc\u015fterek faillik suretiyle i\u015ftirak s\u00f6z konusu olamayacakt\u0131r. Bu ba\u011flamda, su\u00e7 i\u015flemek amac\u0131yla kurulmu\u015f olan \u00f6rg\u00fcte \u00fcye oldu\u011fu iddias\u0131yla farkl\u0131 y\u00fcr\u00fct\u00fclen bir muhakemenin \u015f\u00fcpheli ya da san\u0131k s\u0131fat\u0131yla s\u00fcjesi olan failin, ayn\u0131 \u00f6rg\u00fcte \u00fcye oldu\u011fu iddias\u0131yla yarg\u0131lanan di\u011fer ki\u015filerin varsa \u00f6rg\u00fct i\u00e7erisindeki konumlar\u0131n\u0131n ve \u00f6rg\u00fctsel faaliyetlerinin tan\u0131\u011f\u0131 konumunda olup bu ki\u015filer hakk\u0131nda g\u00f6r\u00fclmekte olan davalarda tan\u0131k s\u0131fat\u0131yla dinlenmesinde bir sak\u0131nca bulunmad\u0131\u011f\u0131 gibi di\u011fer san\u0131\u011fa at\u0131l\u0131 \u00f6rg\u00fct \u00fcyeli\u011fi su\u00e7una m\u00fc\u015fterek fail s\u0131fat\u0131yla i\u015ftiraki de m\u00fcmk\u00fcn olmad\u0131\u011f\u0131ndan, bu ki\u015filerin eylemlerine ili\u015fkin tan\u0131kl\u0131k yapt\u0131\u011f\u0131 noktada tan\u0131kl\u0131ktan ve yeminden \u00e7ekinme hakk\u0131 da s\u00f6z konusu olmayacakt\u0131r. Di\u011fer yandan, 5237 say\u0131l\u0131 TCK&#8217;n\u0131n &#8220;Etkin pi\u015fmanl\u0131k&#8221; ba\u015fl\u0131kl\u0131 221. maddesinde; su\u00e7 i\u015flemek amac\u0131yla \u00f6rg\u00fct kurma, y\u00f6netme veya bu ama\u00e7la kurulmu\u015f \u00f6rg\u00fcte \u00fcye olma su\u00e7lar\u0131n\u0131 i\u015fledikten sonra soru\u015fturma veya yarg\u0131lama a\u015famas\u0131nda etkin pi\u015fmanl\u0131k g\u00f6steren failler hakk\u0131nda \u015fahsi cezas\u0131zl\u0131k veya cezada indirim yap\u0131lmas\u0131n\u0131 gerektiren h\u00e2ller olarak kabul edilmi\u015ftir. 05.06.1985 tarihli ve 3216 say\u0131l\u0131 Baz\u0131 Su\u00e7 Failleri Hakk\u0131nda Uygulanacak H\u00fck\u00fcmlere Dair Kanun, 25.03.1988 tarihli ve 3419 say\u0131l\u0131 Kanun ve 29.07.2003 tarihli 4959 say\u0131l\u0131 Topluma Kazand\u0131rma Kanunu&#8217;na benzer \u015fekilde 5237 say\u0131l\u0131 TCK&#8217;n\u0131n 221. maddesinde yap\u0131lan d\u00fczenlemeyle; kanun koyucu, \u00f6rg\u00fctlerle etkin m\u00fccadele edebilmek i\u00e7in, \u00f6rg\u00fctleri ortaya \u00e7\u0131kar\u0131p da\u011f\u0131tmay\u0131, \u00f6rg\u00fct elemanlar\u0131n\u0131 devletin yan\u0131na \u00e7ekerek bir yandan zay\u0131flat\u0131p di\u011fer yandan da \u00f6rg\u00fctlerin de\u015fifre olmas\u0131n\u0131 sa\u011flayarak \u00f6rg\u00fct b\u00fcnyesinde faaliyet g\u00f6steren failleri yakalamay\u0131, &#8220;etkin pi\u015fmanl\u0131k&#8221; h\u00fck\u00fcmlerinden yararlanan san\u0131klar\u0131 topluma kazand\u0131rmay\u0131, \u00f6rg\u00fct b\u00fcnyesinde ger\u00e7ekle\u015ftirilen eylemleri a\u00e7\u0131\u011fa \u00e7\u0131karmay\u0131 ve benzer su\u00e7lar\u0131n tekrar i\u015flenmesini \u00f6nlemeyi ama\u00e7lamaktad\u0131r. Etkin pi\u015fmanl\u0131k h\u00fck\u00fcmleri kanunda failin cezas\u0131n\u0131n kald\u0131r\u0131lmas\u0131n\u0131 veya cezada indirim yap\u0131lmas\u0131n\u0131 \u00f6ng\u00f6ren bir \u015fahsi h\u00e2l olarak d\u00fczenlendi\u011finden, \u00f6rg\u00fctl\u00fc su\u00e7luluk kapsam\u0131nda savunmas\u0131n\u0131n al\u0131nmas\u0131 s\u0131ras\u0131nda ki\u015fiye bu h\u00fck\u00fcmlerin hat\u0131rlat\u0131lmas\u0131 CMK&#8217;n\u0131n 148. maddesinin ikinci f\u0131kras\u0131nda yer alan &#8220;kanuna ayk\u0131r\u0131 bir vaat&#8221; niteli\u011finde olmad\u0131\u011f\u0131 gibi ki\u015finin de kendi iradesiyle bu h\u00fck\u00fcmlerden yararlanmay\u0131 kabul ederek ifade vermesinde ve bu ifadenin ba\u015fka ki\u015filer hakk\u0131nda g\u00f6r\u00fclmekte olan davalarda adil yarg\u0131lanma hakk\u0131na uygun olarak o davalar\u0131n san\u0131\u011f\u0131na etkin itiraz yollar\u0131 tan\u0131nmas\u0131 suretiyle delil olarak kullan\u0131lmas\u0131nda hukuka ayk\u0131r\u0131l\u0131k bulunmamaktad\u0131r. Dosyan\u0131n incelenmesinde; beyanlar\u0131 h\u00fckme esas al\u0131nan tan\u0131klar\u0131n kendi haklar\u0131nda y\u00fcr\u00fct\u00fclen soru\u015fturmalarda m\u00fcdafileri huzurundaki ifadelerinde kendi iradeleriyle beyanda bulunmu\u015f olmalar\u0131, a\u015famalarda herhangi bir kimse taraf\u0131ndan kendilerine kanuna ayk\u0131r\u0131 vaatte bulunuldu\u011funa ya da bu y\u00f6nde zorland\u0131klar\u0131na dair delile dayanan somut iddialar\u0131n\u0131n bulunmamas\u0131, kovu\u015fturma a\u015famas\u0131ndaki oturumlarda ayr\u0131nt\u0131lar\u0131 SEGB\u0130S kay\u0131tlar\u0131ndan da anla\u015f\u0131laca\u011f\u0131 \u00fczere s\u00f6z konusu tan\u0131klar\u0131n san\u0131\u011fa at\u0131l\u0131 su\u00e7a ili\u015fkin beyanda bulunmalar\u0131 ve bu su\u00e7a m\u00fc\u015fterek fail s\u0131fat\u0131yla i\u015ftirak etmemeleri nedeniyle tan\u0131kl\u0131ktan ve yeminden \u00e7ekinme haklar\u0131n\u0131n bulunmamas\u0131, bununla birlikte san\u0131k ve m\u00fcdafisinin de haz\u0131r oldu\u011fu ortamda beyanda bulunan tan\u0131klara kar\u015f\u0131 san\u0131k ve m\u00fcdafisine tan\u0131klara soru sorma ve bu beyanlara kar\u015f\u0131 savunma yapma haklar\u0131n\u0131n etkin \u015fekilde tan\u0131nm\u0131\u015f olmas\u0131 hususlar\u0131 birlikte de\u011ferlendirildi\u011finde tan\u0131klar\u0131n dinlenilme usulleri ve bu beyanlar\u0131n de\u011ferlendirilerek h\u00fckme esas al\u0131nmas\u0131 a\u00e7\u0131s\u0131ndan mahkeme h\u00fckm\u00fcn\u00fcn hukuka ayk\u0131r\u0131 delile dayanmad\u0131\u011f\u0131 anla\u015f\u0131lmaktad\u0131r. Baz\u0131 h\u00e2llerde m\u00fcdafisi huzurunda veya yarg\u0131land\u0131\u011f\u0131 mahkemede etkin pi\u015fmanl\u0131k kapsam\u0131nda beyanda bulunan \u015f\u00fcpheli veya san\u0131klar, tan\u0131k s\u0131fat\u0131yla ba\u015fka mahkemelerde dinlendi\u011finde, \u00f6rg\u00fctten korkmas\u0131 veya de\u011fi\u015fik sebeplerle \u00f6nceki anlat\u0131m\u0131ndan vazge\u00e7ti\u011fi g\u00f6r\u00fclmektedir. Bu durumda h\u00e2kim \u00f6n\u00fcnde verilmi\u015f bulunan ifadenin delil de\u011feri yarg\u0131lamay\u0131 yapan mahkemece tart\u0131\u015f\u0131l\u0131p de\u011ferlendirilmelidir. Di\u011fer delillerin ibraz\u0131nda oldu\u011fu gibi <strong>beyan delili niteli\u011findeki tan\u0131klar;<\/strong> <strong>kanuna ayk\u0131r\u0131 olarak elde edilmi\u015f ise, delille ispat edilmek istenen olay\u0131n karara etkisi yoksa veya istem sadece davay\u0131 uzatmak maksad\u0131yla yap\u0131lm\u0131\u015fsa mahkemece reddedilebilecektir.<\/strong> (CMK&#8217;n\u0131n 206\/2. maddesi) Delilin ortaya konulmas\u0131 istemi, bunun veya ispat edilmek istenen olay\u0131n ge\u00e7 bildirilmi\u015f olmas\u0131 nedeniyle reddedilemez. (CMK&#8217;n\u0131n 207\/1. maddesi)<strong> Somut olayda, bir k\u0131s\u0131m tan\u0131klar\u0131n dinlenilmesinin reddedilmesi, ispat\u0131 gereken olay\u0131n karara etkisi bulunmad\u0131\u011f\u0131ndan hukuka ayk\u0131r\u0131 g\u00f6r\u00fclmemi\u015ftir.<\/strong><\/p>\n<\/div>\n<div dir=\"auto\">\n<div dir=\"auto\" style=\"text-align: justify;\"><div class=\"ead-preview\"><div class=\"ead-document\" style=\"position: relative;\"><div class=\"ead-iframe-wrapper\"><iframe src=\"\/\/docs.google.com\/viewer?url=https%3A%2F%2Ftuncayilcim.av.tr%2Fv5%2Fwp-content%2Fuploads%2Fcgk-2013-4-498.pdf&amp;embedded=true&amp;hl=en\" title=\"Embedded Document\" class=\"ead-iframe\" style=\"width: 100%;height: 500px;border: none;visibility: hidden;\"><\/iframe><\/div>\t\t\t<div class=\"ead-document-loading\" style=\"width:100%;height:100%;position:absolute;left:0;top:0;z-index:10;\">\n\t\t\t\t<div class=\"ead-loading-wrap\">\n\t\t\t\t\t<div class=\"ead-loading-main\">\n\t\t\t\t\t\t<div class=\"ead-loading\">\n\t\t\t\t\t\t\t<img loading=\"lazy\" decoding=\"async\" src=\"https:\/\/tuncayilcim.av.tr\/v5\/wp-content\/plugins\/embed-any-document\/images\/loading.svg\" width=\"55\" height=\"55\" alt=\"Loader\">\n\t\t\t\t\t\t\t<span>Loading...<\/span>\n\t\t\t\t\t\t<\/div>\n\t\t\t\t\t<\/div>\n\t\t\t\t\t<div class=\"ead-loading-foot\">\n\t\t\t\t\t\t<div class=\"ead-loading-foot-title\">\n\t\t\t\t\t\t\t<img loading=\"lazy\" decoding=\"async\" src=\"https:\/\/tuncayilcim.av.tr\/v5\/wp-content\/plugins\/embed-any-document\/images\/EAD-logo.svg\" alt=\"EAD Logo\" width=\"36\" height=\"23\"\/>\n\t\t\t\t\t\t\t<span>Taking too long?<\/span>\n\t\t\t\t\t\t<\/div>\n\t\t\t\t\t\t<p>\n\t\t\t\t\t\t\t<div class=\"ead-document-btn ead-reload-btn\" role=\"button\">\n\t\t\t\t\t\t\t\t<img loading=\"lazy\" decoding=\"async\" src=\"https:\/\/tuncayilcim.av.tr\/v5\/wp-content\/plugins\/embed-any-document\/images\/reload.svg\" alt=\"Reload\" width=\"12\" height=\"12\"\/> Reload document\t\t\t\t\t\t\t<\/div>\n\t\t\t\t\t\t\t<span>|<\/span>\n\t\t\t\t\t\t\t<a href=\"https:\/\/tuncayilcim.av.tr\/v5\/wp-content\/uploads\/cgk-2013-4-498.pdf\" class=\"ead-document-btn\" target=\"_blank\">\n\t\t\t\t\t\t\t\t<img loading=\"lazy\" decoding=\"async\" src=\"https:\/\/tuncayilcim.av.tr\/v5\/wp-content\/plugins\/embed-any-document\/images\/open.svg\" alt=\"Open\" width=\"12\" height=\"12\"\/> Open in new tab\t\t\t\t\t\t\t<\/a>\n\t\t\t\t\t<\/div>\n\t\t\t\t<\/div>\n\t\t\t<\/div>\n\t\t<\/div><p class=\"embed_download\"><a href=\"https:\/\/tuncayilcim.av.tr\/v5\/wp-content\/uploads\/cgk-2013-4-498.pdf\" download>Download <\/a><\/p><\/div><\/div>\n<div dir=\"auto\"><div class=\"ead-preview\"><div class=\"ead-document\" style=\"position: relative;\"><div class=\"ead-iframe-wrapper\"><iframe src=\"\/\/docs.google.com\/viewer?url=https%3A%2F%2Ftuncayilcim.av.tr%2Fv5%2Fwp-content%2Fuploads%2Fcgk-2015-9-177.pdf&amp;embedded=true&amp;hl=en\" title=\"Embedded Document\" class=\"ead-iframe\" style=\"width: 100%;height: 500px;border: none;visibility: hidden;\"><\/iframe><\/div>\t\t\t<div class=\"ead-document-loading\" style=\"width:100%;height:100%;position:absolute;left:0;top:0;z-index:10;\">\n\t\t\t\t<div class=\"ead-loading-wrap\">\n\t\t\t\t\t<div class=\"ead-loading-main\">\n\t\t\t\t\t\t<div class=\"ead-loading\">\n\t\t\t\t\t\t\t<img loading=\"lazy\" decoding=\"async\" src=\"https:\/\/tuncayilcim.av.tr\/v5\/wp-content\/plugins\/embed-any-document\/images\/loading.svg\" width=\"55\" height=\"55\" alt=\"Loader\">\n\t\t\t\t\t\t\t<span>Loading...<\/span>\n\t\t\t\t\t\t<\/div>\n\t\t\t\t\t<\/div>\n\t\t\t\t\t<div class=\"ead-loading-foot\">\n\t\t\t\t\t\t<div class=\"ead-loading-foot-title\">\n\t\t\t\t\t\t\t<img loading=\"lazy\" decoding=\"async\" src=\"https:\/\/tuncayilcim.av.tr\/v5\/wp-content\/plugins\/embed-any-document\/images\/EAD-logo.svg\" alt=\"EAD Logo\" width=\"36\" height=\"23\"\/>\n\t\t\t\t\t\t\t<span>Taking too long?<\/span>\n\t\t\t\t\t\t<\/div>\n\t\t\t\t\t\t<p>\n\t\t\t\t\t\t\t<div class=\"ead-document-btn ead-reload-btn\" role=\"button\">\n\t\t\t\t\t\t\t\t<img loading=\"lazy\" decoding=\"async\" src=\"https:\/\/tuncayilcim.av.tr\/v5\/wp-content\/plugins\/embed-any-document\/images\/reload.svg\" alt=\"Reload\" width=\"12\" height=\"12\"\/> Reload document\t\t\t\t\t\t\t<\/div>\n\t\t\t\t\t\t\t<span>|<\/span>\n\t\t\t\t\t\t\t<a href=\"https:\/\/tuncayilcim.av.tr\/v5\/wp-content\/uploads\/cgk-2015-9-177.pdf\" class=\"ead-document-btn\" target=\"_blank\">\n\t\t\t\t\t\t\t\t<img loading=\"lazy\" decoding=\"async\" src=\"https:\/\/tuncayilcim.av.tr\/v5\/wp-content\/plugins\/embed-any-document\/images\/open.svg\" alt=\"Open\" width=\"12\" height=\"12\"\/> Open in new tab\t\t\t\t\t\t\t<\/a>\n\t\t\t\t\t<\/div>\n\t\t\t\t<\/div>\n\t\t\t<\/div>\n\t\t<\/div><p class=\"embed_download\"><a href=\"https:\/\/tuncayilcim.av.tr\/v5\/wp-content\/uploads\/cgk-2015-9-177.pdf\" download>Download <\/a><\/p><\/div><\/div>\n<div dir=\"auto\"><div class=\"ead-preview\"><div class=\"ead-document\" style=\"position: relative;\"><div class=\"ead-iframe-wrapper\"><iframe src=\"\/\/docs.google.com\/viewer?url=https%3A%2F%2Ftuncayilcim.av.tr%2Fv5%2Fwp-content%2Fuploads%2Fcgk-2018-9-298.pdf&amp;embedded=true&amp;hl=en\" title=\"Embedded Document\" class=\"ead-iframe\" style=\"width: 100%;height: 500px;border: none;visibility: hidden;\"><\/iframe><\/div>\t\t\t<div class=\"ead-document-loading\" style=\"width:100%;height:100%;position:absolute;left:0;top:0;z-index:10;\">\n\t\t\t\t<div class=\"ead-loading-wrap\">\n\t\t\t\t\t<div class=\"ead-loading-main\">\n\t\t\t\t\t\t<div class=\"ead-loading\">\n\t\t\t\t\t\t\t<img loading=\"lazy\" decoding=\"async\" src=\"https:\/\/tuncayilcim.av.tr\/v5\/wp-content\/plugins\/embed-any-document\/images\/loading.svg\" width=\"55\" height=\"55\" alt=\"Loader\">\n\t\t\t\t\t\t\t<span>Loading...<\/span>\n\t\t\t\t\t\t<\/div>\n\t\t\t\t\t<\/div>\n\t\t\t\t\t<div class=\"ead-loading-foot\">\n\t\t\t\t\t\t<div class=\"ead-loading-foot-title\">\n\t\t\t\t\t\t\t<img loading=\"lazy\" decoding=\"async\" src=\"https:\/\/tuncayilcim.av.tr\/v5\/wp-content\/plugins\/embed-any-document\/images\/EAD-logo.svg\" alt=\"EAD Logo\" width=\"36\" height=\"23\"\/>\n\t\t\t\t\t\t\t<span>Taking too long?<\/span>\n\t\t\t\t\t\t<\/div>\n\t\t\t\t\t\t<p>\n\t\t\t\t\t\t\t<div class=\"ead-document-btn ead-reload-btn\" role=\"button\">\n\t\t\t\t\t\t\t\t<img loading=\"lazy\" decoding=\"async\" src=\"https:\/\/tuncayilcim.av.tr\/v5\/wp-content\/plugins\/embed-any-document\/images\/reload.svg\" alt=\"Reload\" width=\"12\" height=\"12\"\/> Reload document\t\t\t\t\t\t\t<\/div>\n\t\t\t\t\t\t\t<span>|<\/span>\n\t\t\t\t\t\t\t<a href=\"https:\/\/tuncayilcim.av.tr\/v5\/wp-content\/uploads\/cgk-2018-9-298.pdf\" class=\"ead-document-btn\" target=\"_blank\">\n\t\t\t\t\t\t\t\t<img loading=\"lazy\" decoding=\"async\" src=\"https:\/\/tuncayilcim.av.tr\/v5\/wp-content\/plugins\/embed-any-document\/images\/open.svg\" alt=\"Open\" width=\"12\" height=\"12\"\/> Open in new tab\t\t\t\t\t\t\t<\/a>\n\t\t\t\t\t<\/div>\n\t\t\t\t<\/div>\n\t\t\t<\/div>\n\t\t<\/div><p class=\"embed_download\"><a href=\"https:\/\/tuncayilcim.av.tr\/v5\/wp-content\/uploads\/cgk-2018-9-298.pdf\" download>Download <\/a><\/p><\/div><\/div>\n<div dir=\"auto\"><div class=\"ead-preview\"><div class=\"ead-document\" style=\"position: relative;\"><div class=\"ead-iframe-wrapper\"><iframe src=\"\/\/docs.google.com\/viewer?url=https%3A%2F%2Ftuncayilcim.av.tr%2Fv5%2Fwp-content%2Fuploads%2FE__2015_177__K__2018_205.pdf&amp;embedded=true&amp;hl=en\" title=\"Embedded Document\" class=\"ead-iframe\" style=\"width: 100%;height: 500px;border: none;visibility: hidden;\"><\/iframe><\/div>\t\t\t<div class=\"ead-document-loading\" style=\"width:100%;height:100%;position:absolute;left:0;top:0;z-index:10;\">\n\t\t\t\t<div class=\"ead-loading-wrap\">\n\t\t\t\t\t<div class=\"ead-loading-main\">\n\t\t\t\t\t\t<div class=\"ead-loading\">\n\t\t\t\t\t\t\t<img loading=\"lazy\" decoding=\"async\" src=\"https:\/\/tuncayilcim.av.tr\/v5\/wp-content\/plugins\/embed-any-document\/images\/loading.svg\" width=\"55\" height=\"55\" alt=\"Loader\">\n\t\t\t\t\t\t\t<span>Loading...<\/span>\n\t\t\t\t\t\t<\/div>\n\t\t\t\t\t<\/div>\n\t\t\t\t\t<div class=\"ead-loading-foot\">\n\t\t\t\t\t\t<div class=\"ead-loading-foot-title\">\n\t\t\t\t\t\t\t<img loading=\"lazy\" decoding=\"async\" src=\"https:\/\/tuncayilcim.av.tr\/v5\/wp-content\/plugins\/embed-any-document\/images\/EAD-logo.svg\" alt=\"EAD Logo\" width=\"36\" height=\"23\"\/>\n\t\t\t\t\t\t\t<span>Taking too long?<\/span>\n\t\t\t\t\t\t<\/div>\n\t\t\t\t\t\t<p>\n\t\t\t\t\t\t\t<div class=\"ead-document-btn ead-reload-btn\" role=\"button\">\n\t\t\t\t\t\t\t\t<img loading=\"lazy\" decoding=\"async\" src=\"https:\/\/tuncayilcim.av.tr\/v5\/wp-content\/plugins\/embed-any-document\/images\/reload.svg\" alt=\"Reload\" width=\"12\" height=\"12\"\/> Reload document\t\t\t\t\t\t\t<\/div>\n\t\t\t\t\t\t\t<span>|<\/span>\n\t\t\t\t\t\t\t<a href=\"https:\/\/tuncayilcim.av.tr\/v5\/wp-content\/uploads\/E__2015_177__K__2018_205.pdf\" class=\"ead-document-btn\" target=\"_blank\">\n\t\t\t\t\t\t\t\t<img loading=\"lazy\" decoding=\"async\" src=\"https:\/\/tuncayilcim.av.tr\/v5\/wp-content\/plugins\/embed-any-document\/images\/open.svg\" alt=\"Open\" width=\"12\" height=\"12\"\/> Open in new tab\t\t\t\t\t\t\t<\/a>\n\t\t\t\t\t<\/div>\n\t\t\t\t<\/div>\n\t\t\t<\/div>\n\t\t<\/div><p class=\"embed_download\"><a href=\"https:\/\/tuncayilcim.av.tr\/v5\/wp-content\/uploads\/E__2015_177__K__2018_205.pdf\" download>Download [49.59 KB] <\/a><\/p><\/div><\/div>\n<div dir=\"auto\"><div class=\"ead-preview\"><div class=\"ead-document\" style=\"position: relative;\"><div class=\"ead-iframe-wrapper\"><iframe src=\"\/\/docs.google.com\/viewer?url=https%3A%2F%2Ftuncayilcim.av.tr%2Fv5%2Fwp-content%2Fuploads%2F2020-19752.pdf&amp;embedded=true&amp;hl=en\" title=\"Embedded Document\" class=\"ead-iframe\" style=\"width: 100%;height: 500px;border: none;visibility: hidden;\"><\/iframe><\/div>\t\t\t<div class=\"ead-document-loading\" style=\"width:100%;height:100%;position:absolute;left:0;top:0;z-index:10;\">\n\t\t\t\t<div class=\"ead-loading-wrap\">\n\t\t\t\t\t<div class=\"ead-loading-main\">\n\t\t\t\t\t\t<div class=\"ead-loading\">\n\t\t\t\t\t\t\t<img loading=\"lazy\" decoding=\"async\" src=\"https:\/\/tuncayilcim.av.tr\/v5\/wp-content\/plugins\/embed-any-document\/images\/loading.svg\" width=\"55\" height=\"55\" alt=\"Loader\">\n\t\t\t\t\t\t\t<span>Loading...<\/span>\n\t\t\t\t\t\t<\/div>\n\t\t\t\t\t<\/div>\n\t\t\t\t\t<div class=\"ead-loading-foot\">\n\t\t\t\t\t\t<div class=\"ead-loading-foot-title\">\n\t\t\t\t\t\t\t<img loading=\"lazy\" decoding=\"async\" src=\"https:\/\/tuncayilcim.av.tr\/v5\/wp-content\/plugins\/embed-any-document\/images\/EAD-logo.svg\" alt=\"EAD Logo\" width=\"36\" height=\"23\"\/>\n\t\t\t\t\t\t\t<span>Taking too long?<\/span>\n\t\t\t\t\t\t<\/div>\n\t\t\t\t\t\t<p>\n\t\t\t\t\t\t\t<div class=\"ead-document-btn ead-reload-btn\" role=\"button\">\n\t\t\t\t\t\t\t\t<img loading=\"lazy\" decoding=\"async\" src=\"https:\/\/tuncayilcim.av.tr\/v5\/wp-content\/plugins\/embed-any-document\/images\/reload.svg\" alt=\"Reload\" width=\"12\" height=\"12\"\/> Reload document\t\t\t\t\t\t\t<\/div>\n\t\t\t\t\t\t\t<span>|<\/span>\n\t\t\t\t\t\t\t<a href=\"https:\/\/tuncayilcim.av.tr\/v5\/wp-content\/uploads\/2020-19752.pdf\" class=\"ead-document-btn\" target=\"_blank\">\n\t\t\t\t\t\t\t\t<img loading=\"lazy\" decoding=\"async\" src=\"https:\/\/tuncayilcim.av.tr\/v5\/wp-content\/plugins\/embed-any-document\/images\/open.svg\" alt=\"Open\" width=\"12\" height=\"12\"\/> Open in new tab\t\t\t\t\t\t\t<\/a>\n\t\t\t\t\t<\/div>\n\t\t\t\t<\/div>\n\t\t\t<\/div>\n\t\t<\/div><p class=\"embed_download\"><a href=\"https:\/\/tuncayilcim.av.tr\/v5\/wp-content\/uploads\/2020-19752.pdf\" download>Download <\/a><\/p><\/div><\/div>\n<div dir=\"auto\"><\/div>\n<\/div>\n<\/div>\n<\/div>\n<\/div>\n<\/div>\n<\/div>\n<\/div>\n<\/div>\n<\/div>\n<\/div>\n<\/div>\n","protected":false},"excerpt":{"rendered":"<p>Yalan tan\u0131kl\u0131k (T CK) Madde 272- (1) Hukuka ayk\u0131r\u0131 bir fiil nedeniyle ba\u015flat\u0131lan bir soru\u015fturma kapsam\u0131nda tan\u0131k dinlemeye yetkili ki\u015fi veya kurul \u00f6n\u00fcnde ger\u00e7e\u011fe ayk\u0131r\u0131 olarak<span class=\"excerpt-hellip\"> [\u2026]<\/span><\/p>\n","protected":false},"author":2,"featured_media":234,"comment_status":"closed","ping_status":"closed","sticky":false,"template":"","format":"standard","meta":{"_joinchat":[],"footnotes":""},"categories":[23],"tags":[],"class_list":["post-4225","post","type-post","status-publish","format-standard","has-post-thumbnail","hentry","category-haberler"],"_links":{"self":[{"href":"https:\/\/tuncayilcim.av.tr\/v5\/wp-json\/wp\/v2\/posts\/4225","targetHints":{"allow":["GET"]}}],"collection":[{"href":"https:\/\/tuncayilcim.av.tr\/v5\/wp-json\/wp\/v2\/posts"}],"about":[{"href":"https:\/\/tuncayilcim.av.tr\/v5\/wp-json\/wp\/v2\/types\/post"}],"author":[{"embeddable":true,"href":"https:\/\/tuncayilcim.av.tr\/v5\/wp-json\/wp\/v2\/users\/2"}],"replies":[{"embeddable":true,"href":"https:\/\/tuncayilcim.av.tr\/v5\/wp-json\/wp\/v2\/comments?post=4225"}],"version-history":[{"count":9,"href":"https:\/\/tuncayilcim.av.tr\/v5\/wp-json\/wp\/v2\/posts\/4225\/revisions"}],"predecessor-version":[{"id":5610,"href":"https:\/\/tuncayilcim.av.tr\/v5\/wp-json\/wp\/v2\/posts\/4225\/revisions\/5610"}],"wp:featuredmedia":[{"embeddable":true,"href":"https:\/\/tuncayilcim.av.tr\/v5\/wp-json\/wp\/v2\/media\/234"}],"wp:attachment":[{"href":"https:\/\/tuncayilcim.av.tr\/v5\/wp-json\/wp\/v2\/media?parent=4225"}],"wp:term":[{"taxonomy":"category","embeddable":true,"href":"https:\/\/tuncayilcim.av.tr\/v5\/wp-json\/wp\/v2\/categories?post=4225"},{"taxonomy":"post_tag","embeddable":true,"href":"https:\/\/tuncayilcim.av.tr\/v5\/wp-json\/wp\/v2\/tags?post=4225"}],"curies":[{"name":"wp","href":"https:\/\/api.w.org\/{rel}","templated":true}]}}